{"id":10264,"date":"2014-08-30T13:21:00","date_gmt":"2014-08-30T12:21:00","guid":{"rendered":"http:\/\/78.46.122.165\/2014\/08\/30\/polentakuchen-mit-turggo-meahl\/?lang=en"},"modified":"2016-02-11T16:54:52","modified_gmt":"2016-02-11T15:54:52","slug":"polentakuchen-mit-turggo-meahl","status":"publish","type":"post","link":"https:\/\/foodtastic.at\/en\/2014\/08\/30\/polentakuchen-mit-turggo-meahl\/","title":{"rendered":"Polenta Cake"},"content":{"rendered":"<p>\u201eA T\u00fcrggo Meahl f\u00fcr Ribel\u201c. If you have no idea what that's supposed to mean, don't worry. Unless you speak German in general and the Austrian Vorarlberg dialect in particular, you have no shot. T\u00fcrggo Meahl means maize flour, in the westernmost of the Austrian dialects. The term allegedly stems from the 17th century, when farmers started to grow maize in the Rheintal valley of western Austria. It was believed that maize originally came from the\u00a0Balkans and Turkey, so the grain was called the Turkish corn or T\u00fcrggenkorn\u00a0and the name survives to this day.<\/p>\n<p><!--more--><\/p>\n<p><a href=\"https:\/\/78.46.122.165\/content\/uploads\/2014\/08\/Polentakuchen_Duo1.jpg\"><img loading=\"lazy\" decoding=\"async\" class=\"alignnone size-w1000 wp-image-3157\" src=\"https:\/\/78.46.122.165\/content\/uploads\/2014\/08\/Polentakuchen_Duo1-1000x761.jpg\" alt=\"Polentakuchen_Duo1\" width=\"1000\" height=\"761\" srcset=\"https:\/\/foodtastic.at\/content\/uploads\/2014\/08\/Polentakuchen_Duo1-1000x761.jpg 1000w, https:\/\/foodtastic.at\/content\/uploads\/2014\/08\/Polentakuchen_Duo1-300x228.jpg 300w, https:\/\/foodtastic.at\/content\/uploads\/2014\/08\/Polentakuchen_Duo1-768x584.jpg 768w, https:\/\/foodtastic.at\/content\/uploads\/2014\/08\/Polentakuchen_Duo1-1024x779.jpg 1024w, https:\/\/foodtastic.at\/content\/uploads\/2014\/08\/Polentakuchen_Duo1-2000x1521.jpg 2000w, https:\/\/foodtastic.at\/content\/uploads\/2014\/08\/Polentakuchen_Duo1-1500x1141.jpg 1500w, https:\/\/foodtastic.at\/content\/uploads\/2014\/08\/Polentakuchen_Duo1-500x380.jpg 500w\" sizes=\"(max-width: 1000px) 100vw, 1000px\" \/><\/a><\/p>\n<p><a href=\"https:\/\/78.46.122.165\/content\/uploads\/2014\/08\/Polentakuchen.jpg\"><img loading=\"lazy\" decoding=\"async\" class=\"alignnone size-w1000 wp-image-3166\" src=\"https:\/\/78.46.122.165\/content\/uploads\/2014\/08\/Polentakuchen-1000x1419.jpg\" alt=\"Polentakuchen\" width=\"1000\" height=\"1419\" srcset=\"https:\/\/foodtastic.at\/content\/uploads\/2014\/08\/Polentakuchen-1000x1419.jpg 1000w, https:\/\/foodtastic.at\/content\/uploads\/2014\/08\/Polentakuchen-211x300.jpg 211w, https:\/\/foodtastic.at\/content\/uploads\/2014\/08\/Polentakuchen-768x1090.jpg 768w, https:\/\/foodtastic.at\/content\/uploads\/2014\/08\/Polentakuchen-722x1024.jpg 722w, https:\/\/foodtastic.at\/content\/uploads\/2014\/08\/Polentakuchen-2000x2838.jpg 2000w, https:\/\/foodtastic.at\/content\/uploads\/2014\/08\/Polentakuchen-1500x2128.jpg 1500w, https:\/\/foodtastic.at\/content\/uploads\/2014\/08\/Polentakuchen-500x709.jpg 500w\" sizes=\"(max-width: 1000px) 100vw, 1000px\" \/><\/a><\/p>\n<p>Ribel ist nichts anderes als Sterz in Ost\u00f6sterreich und war fr\u00fcher das Armenessen. Mais aus dem eigenen Acker war neben Kartoffeln (Grumpara) lange das wichtigste Grundnahrungsmittel im Rheintal. Damals gab es das traditionelle \u201eT\u00fcrggobr\u00e4tscha\u201c, bei dem die Maiskolben gesch\u00e4lt und zum Trocknen aufgeh\u00e4ngt wurden. Leute, die das fr\u00fcher machten, wurden \u201eVorbr\u00e4tscher\u201c genannt. Heute ist es schon selten geworden und eine Attraktion im herbstlichen Marktprogramm.<\/p>\n<p>Ribel (Sterz) aus T\u00fcrggogria\u00df (Maisgrie\u00df) gab es \u00f6fter am Morgen oder zu Mittag bei Oma. Serviert wurde dieser mit Zucker und Milchkaffee. Auch meine Oma hat die Vorliebe, den Ribel in den Kaffee zu tauchen, wie es immer schon Brauch war. Dieser \u201eGatsch\u201c ist schmackhaft und saftig. In der Kinderversion bekamen wir eher Heidelbeer- oder Hollermus (Holunder) zum Ribel. Ebenfalls bekannt und beliebt auf dem Land!<\/p>\n<p>Im Dorfblatt \u201eHeimat Wolfurt\u201c aus dem Jahr 1931 beschreibt Siegfried Heim die Essgewohnheiten anno 1870: Da gab es \u201ez Morgo\u201c urspr\u00fcnglich \u00fcberall ein Mus, das mit Milch und Mehl sowie ein wenig Butter anger\u00fchrt wurde. Ohne Luxuszutaten wie Zucker, Zimt oder Salz als Geschmacksverst\u00e4rker \u2013 einfach nur Mus. Dieses a\u00df man hei\u00df aus der Pfanne. Den einzigen Geschmack bekam das Mus durch die sogenannte \u201ed Rummat\u201c, die etwas angebrannte Bodenkruste. Erst war es ein Mehlmus, sp\u00e4ter dann auch ein T\u00fcrkenmus. Um 1870 verdr\u00e4ngte dann der T\u00fcrggo-Stopfer nach und nach das Mus. Dies wurde dann wie vorhin beschrieben entweder mit einem \u201eBeckile Milch\u201c (Tasse Milch) oder - Kaffee serviert. In guten Zeiten bekamen die Kinder sogar ein bisschen Zucker \u00fcber den T\u00fcrggo-Stopfer gestreut.<\/p>\n<p>Mais, die alte Kulturpflanze, hat eigentlich indianischen Ursprung und kommt aus Zentralmexiko und Peru. Mais gilt als eines der wichtigsten Grundnahrungsmittel der Welt, haupts\u00e4chlich in Entwicklungsl\u00e4ndern. Rund 15% der globalen Maisernte dienen als Nahrungsmittel, \u00fcber 60% als Futtermittel f\u00fcr Nutztiere. Die Vielfalt von Mais an Sorten (Hartmais, Zahnmais, Zuckermais, St\u00e4rkemais\u2026) und im Einsatz f\u00fcr Fertigprodukte ist gro\u00df: Es gibt sogar schwarzen Mais, genannt \u201eSchwarzer Azteke\u201c.<\/p>\n<p>Zu den uns bekanntesten Maisprodukten z\u00e4hlen Cornflakes und Popcorn. Wusstest du, dass die ersten Cornflakes Ende des 19. Jahrhunderts vom US-amerikanischen Arzt John Harvey Kellogg und seinem Bruder Will Keith Kellogg hergestellt wurden? \u2013 Allerdings aus Weizen. Sie wollten ein gesundes, vegetarisches Grundnahrungsmittel f\u00fcr Ihre Patienten. Ihre Methode wurde sp\u00e4ter auch auf Mais ausgedehnt.<\/p>\n<p>Popcorn stammt ebenfalls aus den USA. Es wird aus einer speziellen Maissorte, n\u00e4mlich dem Puffmais, hergestellt. Eine leckere Beilage aus Mais ist die vor allem in Italien beliebte Polenta. Polenta ist ein aus Maisgrie\u00df hergestellter Brei, der mit Milch und\/oder Parmesan verfeinert werden kann.<\/p>\n<p>Mais \u00fcberzeugt nicht nur mit seinem Geschmack, sondern vor allem auch durch seine vorteilhafte N\u00e4hrstoffkombination. Das Getreide enth\u00e4lt neben etwa 72% Wasser Kohlenhydrate, Eiwei\u00dfe und wertvolle Mineralstoffe wie Eisen, Kalium, Kalzium, Natrium und Phosphor. Au\u00dferdem stecken im Mais verschiedene B-Vitamine, das Provitamin A, Vitamin E sowie Vitamin C, Selen und Zink. Durch die vielen enthaltenen Ballaststoffe hilft Mais bei der Verdauung. Zudem unterst\u00fctzt und entw\u00e4ssert er\u00a0die Nierenfunktion.<\/p>\n<p><a href=\"https:\/\/78.46.122.165\/content\/uploads\/2014\/08\/Polentakuchen_Duo21.jpg\"><img loading=\"lazy\" decoding=\"async\" class=\"alignnone size-large wp-image-3165\" src=\"https:\/\/78.46.122.165\/content\/uploads\/2014\/08\/Polentakuchen_Duo21-662x505.jpg\" alt=\"Polentakuchen_Duo2\" width=\"662\" height=\"505\" \/><\/a><\/p>\n<p><a href=\"https:\/\/78.46.122.165\/content\/uploads\/2014\/08\/Polentakuchen_95861.jpg\"><img loading=\"lazy\" decoding=\"async\" class=\"alignnone size-large wp-image-3155\" src=\"https:\/\/78.46.122.165\/content\/uploads\/2014\/08\/Polentakuchen_95861-662x843.jpg\" alt=\"Polentakuchen_9586\" width=\"662\" height=\"843\" \/><\/a><\/p>\n<p>F\u00fcr Menschen mit Z\u00f6liakie ist Mais eines der Grundnahrungsmittel. Viele Backwaren werden mit Maismehl hergestellt. Wie auch dieses Kuchenrezept.<\/p>\n<p>Kuchen mit gemahlenen N\u00fcssen hab ich schon immer sehr gerne gehabt, da sie meist besonders saftig werden. Dieser Kuchen ist wirklich herrlich saftig und schnell in der Zubereitung. Er schmeckt besonders gut mit einer warmen Beerensauce.<\/p>\n<p><a href=\"https:\/\/78.46.122.165\/content\/uploads\/2014\/08\/Polentakuchen_Duo2.jpg\"><img loading=\"lazy\" decoding=\"async\" class=\"alignnone size-w1000 wp-image-3163\" src=\"https:\/\/78.46.122.165\/content\/uploads\/2014\/08\/Polentakuchen_Duo21-1000x763.jpg\" alt=\"Polentakuchen_Duo\" width=\"1000\" height=\"763\" \/><\/a><\/p>\n<p><a href=\"https:\/\/78.46.122.165\/content\/uploads\/2014\/08\/Polentakuchen_95901.jpg\"><img loading=\"lazy\" decoding=\"async\" class=\"alignnone size-large wp-image-3162\" src=\"https:\/\/78.46.122.165\/content\/uploads\/2014\/08\/Polentakuchen_95901-662x993.jpg\" alt=\"Polentakuchen_9590\" width=\"662\" height=\"993\" \/><\/a><\/p>\n<p><a href=\"https:\/\/78.46.122.165\/content\/uploads\/2014\/08\/Polentakuchen7.jpg\"><img loading=\"lazy\" decoding=\"async\" class=\"alignnone size-w1000 wp-image-3173\" src=\"https:\/\/78.46.122.165\/content\/uploads\/2014\/08\/Polentakuchen7-1000x1444.jpg\" alt=\"Polentakuchen7\" width=\"1000\" height=\"1444\" srcset=\"https:\/\/foodtastic.at\/content\/uploads\/2014\/08\/Polentakuchen7-1000x1444.jpg 1000w, https:\/\/foodtastic.at\/content\/uploads\/2014\/08\/Polentakuchen7-208x300.jpg 208w, https:\/\/foodtastic.at\/content\/uploads\/2014\/08\/Polentakuchen7-768x1109.jpg 768w, https:\/\/foodtastic.at\/content\/uploads\/2014\/08\/Polentakuchen7-709x1024.jpg 709w, https:\/\/foodtastic.at\/content\/uploads\/2014\/08\/Polentakuchen7-2000x2889.jpg 2000w, https:\/\/foodtastic.at\/content\/uploads\/2014\/08\/Polentakuchen7-1500x2167.jpg 1500w, https:\/\/foodtastic.at\/content\/uploads\/2014\/08\/Polentakuchen7-500x722.jpg 500w\" sizes=\"(max-width: 1000px) 100vw, 1000px\" \/><\/a><\/p>\n<p>&nbsp;<\/p>\n<p><a href=\"https:\/\/78.46.122.165\/content\/uploads\/2014\/08\/Polentakuchen7.jpg\"><img loading=\"lazy\" decoding=\"async\" class=\"alignnone size-w1000 wp-image-3173\" src=\"https:\/\/78.46.122.165\/content\/uploads\/2014\/08\/Polentakuchen7-1000x1444.jpg\" alt=\"Polentakuchen7\" width=\"1000\" height=\"1444\" srcset=\"https:\/\/foodtastic.at\/content\/uploads\/2014\/08\/Polentakuchen7-1000x1444.jpg 1000w, https:\/\/foodtastic.at\/content\/uploads\/2014\/08\/Polentakuchen7-208x300.jpg 208w, https:\/\/foodtastic.at\/content\/uploads\/2014\/08\/Polentakuchen7-768x1109.jpg 768w, https:\/\/foodtastic.at\/content\/uploads\/2014\/08\/Polentakuchen7-709x1024.jpg 709w, https:\/\/foodtastic.at\/content\/uploads\/2014\/08\/Polentakuchen7-2000x2889.jpg 2000w, https:\/\/foodtastic.at\/content\/uploads\/2014\/08\/Polentakuchen7-1500x2167.jpg 1500w, https:\/\/foodtastic.at\/content\/uploads\/2014\/08\/Polentakuchen7-500x722.jpg 500w\" sizes=\"(max-width: 1000px) 100vw, 1000px\" \/><\/a><\/p>\n<p><a href=\"https:\/\/78.46.122.165\/content\/uploads\/2014\/08\/Polentakuchen_95861.jpg\"><img loading=\"lazy\" decoding=\"async\" class=\"alignnone size-large wp-image-3155\" src=\"https:\/\/78.46.122.165\/content\/uploads\/2014\/08\/Polentakuchen_95861-662x843.jpg\" alt=\"Polentakuchen_9586\" width=\"662\" height=\"843\" \/><\/a><\/p>\n<p><img loading=\"lazy\" decoding=\"async\" class=\"alignnone size-full wp-image-2722\" src=\"https:\/\/78.46.122.165\/content\/uploads\/2014\/06\/its-foodtastic.png\" alt=\"it's-foodtastic\" width=\"145\" height=\"33\" \/><\/p>\n","protected":false},"excerpt":{"rendered":"<p>\u201eA T\u00fcrggo Meahl f\u00fcr Ribel\u201c. If you have no idea what that&#8217;s supposed to mean, don&#8217;t worry. Unless you speak German in general and the Austrian Vorarlberg dialect in particular, you have no shot. T\u00fcrggo Meahl means maize flour, in the westernmost of the Austrian dialects. The term allegedly stems from the 17th century, when farmers started to grow maize in the Rheintal valley of western Austria. It was believed that maize originally came from the\u00a0Balkans and Turkey, so the grain was called the Turkish corn or T\u00fcrggenkorn\u00a0and the name survives to this day.<\/p>\n","protected":false},"author":2,"featured_media":11546,"comment_status":"closed","ping_status":"closed","sticky":false,"template":"","format":"standard","meta":{"footnotes":""},"categories":[798,754,755],"tags":[765,1129,1130,836],"ingredient":[],"class_list":["post-10264","post","type-post","status-publish","format-standard","has-post-thumbnail","hentry","category-glutenfreiheit-en","category-recipes","category-sweets","tag-glutenfrei-en","tag-polentakuchen-en","tag-turggo-meahl-en","tag-vegetarisch-en"],"yoast_head":"<!-- This site is optimized with the Yoast SEO plugin v25.3.1 - https:\/\/yoast.com\/wordpress\/plugins\/seo\/ -->\n<title>Polenta Cake - Foodtastic<\/title>\n<meta name=\"description\" content=\"Herrlich saftiger Polentakuchen mit T\u00fcrggo Meahl. T\u00fcrggo Meahl bedeutet auf vorarlbergerisch Maismehl. T\u00fcrggo Meahl wurde anno dazumal vielfach eingesetzt.\" \/>\n<meta name=\"robots\" content=\"index, follow, max-snippet:-1, max-image-preview:large, max-video-preview:-1\" \/>\n<link rel=\"canonical\" href=\"https:\/\/foodtastic.at\/en\/2014\/08\/30\/polentakuchen-mit-turggo-meahl\/\" \/>\n<meta property=\"og:locale\" content=\"en_US\" \/>\n<meta property=\"og:type\" content=\"article\" \/>\n<meta property=\"og:title\" content=\"Polenta Cake - Foodtastic\" \/>\n<meta property=\"og:description\" content=\"Herrlich saftiger Polentakuchen mit T\u00fcrggo Meahl. T\u00fcrggo Meahl bedeutet auf vorarlbergerisch Maismehl. T\u00fcrggo Meahl wurde anno dazumal vielfach eingesetzt.\" \/>\n<meta property=\"og:url\" content=\"https:\/\/foodtastic.at\/en\/2014\/08\/30\/polentakuchen-mit-turggo-meahl\/\" \/>\n<meta property=\"og:site_name\" content=\"Foodtastic\" \/>\n<meta property=\"article:published_time\" content=\"2014-08-30T12:21:00+00:00\" \/>\n<meta property=\"article:modified_time\" content=\"2016-02-11T15:54:52+00:00\" \/>\n<meta property=\"og:image\" content=\"https:\/\/foodtastic.at\/content\/uploads\/2014\/08\/Polentakuchen_95902-662x9939.jpg\" \/>\n\t<meta property=\"og:image:width\" content=\"662\" \/>\n\t<meta property=\"og:image:height\" content=\"993\" \/>\n\t<meta property=\"og:image:type\" content=\"image\/jpeg\" \/>\n<meta name=\"author\" content=\"Eva Fischer\" \/>\n<meta name=\"twitter:label1\" content=\"Written by\" \/>\n\t<meta name=\"twitter:data1\" content=\"Eva Fischer\" \/>\n\t<meta name=\"twitter:label2\" content=\"Est. reading time\" \/>\n\t<meta name=\"twitter:data2\" content=\"3 minutes\" \/>\n<script type=\"application\/ld+json\" class=\"yoast-schema-graph\">{\"@context\":\"https:\/\/schema.org\",\"@graph\":[{\"@type\":\"WebPage\",\"@id\":\"https:\/\/foodtastic.at\/en\/2014\/08\/30\/polentakuchen-mit-turggo-meahl\/\",\"url\":\"https:\/\/foodtastic.at\/en\/2014\/08\/30\/polentakuchen-mit-turggo-meahl\/\",\"name\":\"Polenta Cake - Foodtastic\",\"isPartOf\":{\"@id\":\"https:\/\/foodtastic.at\/#website\"},\"primaryImageOfPage\":{\"@id\":\"https:\/\/foodtastic.at\/en\/2014\/08\/30\/polentakuchen-mit-turggo-meahl\/#primaryimage\"},\"image\":{\"@id\":\"https:\/\/foodtastic.at\/en\/2014\/08\/30\/polentakuchen-mit-turggo-meahl\/#primaryimage\"},\"thumbnailUrl\":\"https:\/\/foodtastic.at\/content\/uploads\/2014\/08\/Polentakuchen_95902-662x9939.jpg\",\"datePublished\":\"2014-08-30T12:21:00+00:00\",\"dateModified\":\"2016-02-11T15:54:52+00:00\",\"author\":{\"@id\":\"https:\/\/foodtastic.at\/#\/schema\/person\/236cc6fc2715dd91e8a168f03acd8f2e\"},\"description\":\"Herrlich saftiger Polentakuchen mit T\u00fcrggo Meahl. T\u00fcrggo Meahl bedeutet auf vorarlbergerisch Maismehl. T\u00fcrggo Meahl wurde anno dazumal vielfach eingesetzt.\",\"breadcrumb\":{\"@id\":\"https:\/\/foodtastic.at\/en\/2014\/08\/30\/polentakuchen-mit-turggo-meahl\/#breadcrumb\"},\"inLanguage\":\"en-US\",\"potentialAction\":[{\"@type\":\"ReadAction\",\"target\":[\"https:\/\/foodtastic.at\/en\/2014\/08\/30\/polentakuchen-mit-turggo-meahl\/\"]}]},{\"@type\":\"ImageObject\",\"inLanguage\":\"en-US\",\"@id\":\"https:\/\/foodtastic.at\/en\/2014\/08\/30\/polentakuchen-mit-turggo-meahl\/#primaryimage\",\"url\":\"https:\/\/foodtastic.at\/content\/uploads\/2014\/08\/Polentakuchen_95902-662x9939.jpg\",\"contentUrl\":\"https:\/\/foodtastic.at\/content\/uploads\/2014\/08\/Polentakuchen_95902-662x9939.jpg\",\"width\":662,\"height\":993},{\"@type\":\"BreadcrumbList\",\"@id\":\"https:\/\/foodtastic.at\/en\/2014\/08\/30\/polentakuchen-mit-turggo-meahl\/#breadcrumb\",\"itemListElement\":[{\"@type\":\"ListItem\",\"position\":1,\"name\":\"Home\",\"item\":\"https:\/\/www.foodtastic.at\/en\/\"},{\"@type\":\"ListItem\",\"position\":2,\"name\":\"Polenta Cake\"}]},{\"@type\":\"WebSite\",\"@id\":\"https:\/\/foodtastic.at\/#website\",\"url\":\"https:\/\/foodtastic.at\/\",\"name\":\"Foodtastic\",\"description\":\"Foodtastic\",\"potentialAction\":[{\"@type\":\"SearchAction\",\"target\":{\"@type\":\"EntryPoint\",\"urlTemplate\":\"https:\/\/foodtastic.at\/?s={search_term_string}\"},\"query-input\":{\"@type\":\"PropertyValueSpecification\",\"valueRequired\":true,\"valueName\":\"search_term_string\"}}],\"inLanguage\":\"en-US\"},{\"@type\":\"Person\",\"@id\":\"https:\/\/foodtastic.at\/#\/schema\/person\/236cc6fc2715dd91e8a168f03acd8f2e\",\"name\":\"Eva Fischer\",\"image\":{\"@type\":\"ImageObject\",\"inLanguage\":\"en-US\",\"@id\":\"https:\/\/foodtastic.at\/#\/schema\/person\/image\/\",\"url\":\"https:\/\/secure.gravatar.com\/avatar\/4ca2586764ed355e8db767a3d352a088?s=96&d=mm&r=g\",\"contentUrl\":\"https:\/\/secure.gravatar.com\/avatar\/4ca2586764ed355e8db767a3d352a088?s=96&d=mm&r=g\",\"caption\":\"Eva Fischer\"},\"sameAs\":[\"https:\/\/78.46.122.165\"],\"url\":\"https:\/\/foodtastic.at\/en\/author\/eva\/\"}]}<\/script>\n<!-- \/ Yoast SEO plugin. -->","yoast_head_json":{"title":"Polenta Cake - Foodtastic","description":"Herrlich saftiger Polentakuchen mit T\u00fcrggo Meahl. T\u00fcrggo Meahl bedeutet auf vorarlbergerisch Maismehl. T\u00fcrggo Meahl wurde anno dazumal vielfach eingesetzt.","robots":{"index":"index","follow":"follow","max-snippet":"max-snippet:-1","max-image-preview":"max-image-preview:large","max-video-preview":"max-video-preview:-1"},"canonical":"https:\/\/foodtastic.at\/en\/2014\/08\/30\/polentakuchen-mit-turggo-meahl\/","og_locale":"en_US","og_type":"article","og_title":"Polenta Cake - Foodtastic","og_description":"Herrlich saftiger Polentakuchen mit T\u00fcrggo Meahl. T\u00fcrggo Meahl bedeutet auf vorarlbergerisch Maismehl. T\u00fcrggo Meahl wurde anno dazumal vielfach eingesetzt.","og_url":"https:\/\/foodtastic.at\/en\/2014\/08\/30\/polentakuchen-mit-turggo-meahl\/","og_site_name":"Foodtastic","article_published_time":"2014-08-30T12:21:00+00:00","article_modified_time":"2016-02-11T15:54:52+00:00","og_image":[{"width":662,"height":993,"url":"https:\/\/foodtastic.at\/content\/uploads\/2014\/08\/Polentakuchen_95902-662x9939.jpg","type":"image\/jpeg"}],"author":"Eva Fischer","twitter_misc":{"Written by":"Eva Fischer","Est. reading time":"3 minutes"},"schema":{"@context":"https:\/\/schema.org","@graph":[{"@type":"WebPage","@id":"https:\/\/foodtastic.at\/en\/2014\/08\/30\/polentakuchen-mit-turggo-meahl\/","url":"https:\/\/foodtastic.at\/en\/2014\/08\/30\/polentakuchen-mit-turggo-meahl\/","name":"Polenta Cake - Foodtastic","isPartOf":{"@id":"https:\/\/foodtastic.at\/#website"},"primaryImageOfPage":{"@id":"https:\/\/foodtastic.at\/en\/2014\/08\/30\/polentakuchen-mit-turggo-meahl\/#primaryimage"},"image":{"@id":"https:\/\/foodtastic.at\/en\/2014\/08\/30\/polentakuchen-mit-turggo-meahl\/#primaryimage"},"thumbnailUrl":"https:\/\/foodtastic.at\/content\/uploads\/2014\/08\/Polentakuchen_95902-662x9939.jpg","datePublished":"2014-08-30T12:21:00+00:00","dateModified":"2016-02-11T15:54:52+00:00","author":{"@id":"https:\/\/foodtastic.at\/#\/schema\/person\/236cc6fc2715dd91e8a168f03acd8f2e"},"description":"Herrlich saftiger Polentakuchen mit T\u00fcrggo Meahl. T\u00fcrggo Meahl bedeutet auf vorarlbergerisch Maismehl. T\u00fcrggo Meahl wurde anno dazumal vielfach eingesetzt.","breadcrumb":{"@id":"https:\/\/foodtastic.at\/en\/2014\/08\/30\/polentakuchen-mit-turggo-meahl\/#breadcrumb"},"inLanguage":"en-US","potentialAction":[{"@type":"ReadAction","target":["https:\/\/foodtastic.at\/en\/2014\/08\/30\/polentakuchen-mit-turggo-meahl\/"]}]},{"@type":"ImageObject","inLanguage":"en-US","@id":"https:\/\/foodtastic.at\/en\/2014\/08\/30\/polentakuchen-mit-turggo-meahl\/#primaryimage","url":"https:\/\/foodtastic.at\/content\/uploads\/2014\/08\/Polentakuchen_95902-662x9939.jpg","contentUrl":"https:\/\/foodtastic.at\/content\/uploads\/2014\/08\/Polentakuchen_95902-662x9939.jpg","width":662,"height":993},{"@type":"BreadcrumbList","@id":"https:\/\/foodtastic.at\/en\/2014\/08\/30\/polentakuchen-mit-turggo-meahl\/#breadcrumb","itemListElement":[{"@type":"ListItem","position":1,"name":"Home","item":"https:\/\/www.foodtastic.at\/en\/"},{"@type":"ListItem","position":2,"name":"Polenta Cake"}]},{"@type":"WebSite","@id":"https:\/\/foodtastic.at\/#website","url":"https:\/\/foodtastic.at\/","name":"Foodtastic","description":"Foodtastic","potentialAction":[{"@type":"SearchAction","target":{"@type":"EntryPoint","urlTemplate":"https:\/\/foodtastic.at\/?s={search_term_string}"},"query-input":{"@type":"PropertyValueSpecification","valueRequired":true,"valueName":"search_term_string"}}],"inLanguage":"en-US"},{"@type":"Person","@id":"https:\/\/foodtastic.at\/#\/schema\/person\/236cc6fc2715dd91e8a168f03acd8f2e","name":"Eva Fischer","image":{"@type":"ImageObject","inLanguage":"en-US","@id":"https:\/\/foodtastic.at\/#\/schema\/person\/image\/","url":"https:\/\/secure.gravatar.com\/avatar\/4ca2586764ed355e8db767a3d352a088?s=96&d=mm&r=g","contentUrl":"https:\/\/secure.gravatar.com\/avatar\/4ca2586764ed355e8db767a3d352a088?s=96&d=mm&r=g","caption":"Eva Fischer"},"sameAs":["https:\/\/78.46.122.165"],"url":"https:\/\/foodtastic.at\/en\/author\/eva\/"}]}},"_links":{"self":[{"href":"https:\/\/foodtastic.at\/en\/wp-json\/wp\/v2\/posts\/10264"}],"collection":[{"href":"https:\/\/foodtastic.at\/en\/wp-json\/wp\/v2\/posts"}],"about":[{"href":"https:\/\/foodtastic.at\/en\/wp-json\/wp\/v2\/types\/post"}],"author":[{"embeddable":true,"href":"https:\/\/foodtastic.at\/en\/wp-json\/wp\/v2\/users\/2"}],"replies":[{"embeddable":true,"href":"https:\/\/foodtastic.at\/en\/wp-json\/wp\/v2\/comments?post=10264"}],"version-history":[{"count":0,"href":"https:\/\/foodtastic.at\/en\/wp-json\/wp\/v2\/posts\/10264\/revisions"}],"wp:featuredmedia":[{"embeddable":true,"href":"https:\/\/foodtastic.at\/en\/wp-json\/wp\/v2\/media\/11546"}],"wp:attachment":[{"href":"https:\/\/foodtastic.at\/en\/wp-json\/wp\/v2\/media?parent=10264"}],"wp:term":[{"taxonomy":"category","embeddable":true,"href":"https:\/\/foodtastic.at\/en\/wp-json\/wp\/v2\/categories?post=10264"},{"taxonomy":"post_tag","embeddable":true,"href":"https:\/\/foodtastic.at\/en\/wp-json\/wp\/v2\/tags?post=10264"},{"taxonomy":"ingredient","embeddable":true,"href":"https:\/\/foodtastic.at\/en\/wp-json\/wp\/v2\/ingredient?post=10264"}],"curies":[{"name":"wp","href":"https:\/\/api.w.org\/{rel}","templated":true}]}}