{"id":10396,"date":"2014-04-06T12:43:33","date_gmt":"2014-04-06T11:43:33","guid":{"rendered":"http:\/\/78.46.122.165\/2014\/04\/06\/fenchel-tarte\/?lang=en"},"modified":"2016-02-15T14:55:28","modified_gmt":"2016-02-15T13:55:28","slug":"fenchel-tarte","status":"publish","type":"post","link":"https:\/\/foodtastic.at\/en\/2014\/04\/06\/fenchel-tarte\/","title":{"rendered":"Fennel Tart"},"content":{"rendered":"<p>Due to my (and my blog's) birthday yesterday, today's post isn't quite as extensive as my other ones, but I will still not\u00a0deny you my\u00a0amazing fennel tart recipe.<\/p>\n<p><!--more-->Bereits vergangene Woche habe ich \u00fcber den <a href=\"https:\/\/78.46.122.165\/2014\/03\/28\/fenchel\/#more-1928\">Fenchel<\/a> und seine gesunden Inhaltstoffe geschrieben, und zum Thema <a href=\"https:\/\/78.46.122.165\/2014\/03\/23\/buchweizen-beeren-kuchen\/#more-1839\">Buchweizen<\/a> gab es ja auch schon einen Eintrag. Bei Interesse einfach nachlesen. Die Tarte habe ich als Mitbringsel und Geburtstags\u00fcberraschung f\u00fcr meine liebe Graphik-Design-Freundin Julia gemacht. Die Tarte eignet sich aber auch herrlich f\u00fcr Picknicks oder f\u00fcr den n\u00e4chsten Tag im B\u00fcro \u2013 selbst wenn der Teig etwas br\u00f6selig wird. Kommentar der M\u00e4nner auf der Party: <i>schmeckt interessant<\/i>, Kommentar der Frauen: <i>voll lecker!<\/i> Finde ich auch!<\/p>\n<p><a href=\"https:\/\/78.46.122.165\/content\/uploads\/2014\/04\/Fenchel-Tarte5.jpg\"><img loading=\"lazy\" decoding=\"async\" class=\"alignnone size-w1000 wp-image-2050\" src=\"https:\/\/78.46.122.165\/content\/uploads\/2014\/04\/Fenchel-Tarte5-1000x667.jpg\" alt=\"Fenchel-Tarte5\" width=\"1000\" height=\"667\" srcset=\"https:\/\/foodtastic.at\/content\/uploads\/2014\/04\/Fenchel-Tarte5-1000x667.jpg 1000w, https:\/\/foodtastic.at\/content\/uploads\/2014\/04\/Fenchel-Tarte5-300x200.jpg 300w, https:\/\/foodtastic.at\/content\/uploads\/2014\/04\/Fenchel-Tarte5-768x512.jpg 768w, https:\/\/foodtastic.at\/content\/uploads\/2014\/04\/Fenchel-Tarte5-1024x683.jpg 1024w, https:\/\/foodtastic.at\/content\/uploads\/2014\/04\/Fenchel-Tarte5-2000x1333.jpg 2000w, https:\/\/foodtastic.at\/content\/uploads\/2014\/04\/Fenchel-Tarte5-1500x1000.jpg 1500w, https:\/\/foodtastic.at\/content\/uploads\/2014\/04\/Fenchel-Tarte5-500x333.jpg 500w\" sizes=\"(max-width: 1000px) 100vw, 1000px\" \/><\/a><\/p>\n<p>Entdeckt habe ich dieses tolle Rezept im sch\u00f6nen Kochbuch <i>My green Kitchen,<\/i> oder auch <i>Vegetarian every<\/i> <i>day<\/i> genannt (gleicher Inhalt, aber anderer Name und anderes Cover). Das Buch wurde mir an Weihnachten geschenkt und ich kann es nur weiterempfehlen. Am liebsten w\u00fcrde ich alle Rezepte darin kochen \u2013 es werden bestimmt noch mehrere auf meinem Blog erscheinen. Erst im Nachhinein fand ich \u00fcbrigens heraus, dass <i>My green Kitchen<\/i> ja auch den sch\u00f6nen Blog mit dem fast gleichnamigen Namen mit <a href=\"https:\/\/www.greenkitchenstories.com\/\">Green Kitchen Stories<\/a> betreibt. Schaut mal vorbei, denn es gibt viele wunderbare Dinge zu entdecken.\u00a0Habe gesehen, dass es das Kochbuch seit bitte M\u00e4rz auch auf Deutsch gibt: \u201eDie gr\u00fcne K\u00fcche\u201c.<\/p>\n<p>David und Luise (das verheirate Autoren-Paar und auch die Blogbetreiber) machen den Teig f\u00fcr die Tarte aus Reis,- Kastanien- oder Mandelmehl sowie Kartoffelmehl. Leider habe ich kein Kastanien- oder Mandelmehl bekommen \u2013 daf\u00fcr habe ich Buchweizenmehl im gleichen Verh\u00e4ltnis genommen. Anstatt des Reismehls habe ich sogar normales glutenfreies Mehl verwendet (also eher maislastig). Hat zwar wunderbar geschmeckt und geklappt, aber beim n\u00e4chsten Mal werde ich das Reismehl testen. Die Tarte ist glutenfrei; zudem enth\u00e4lt sie exotische Kokosmilch (anstatt der herk\u00f6mmlichen K\u00e4se-Milchmischung).<\/p>\n<p>Viel Freude beim Nachbacken und lasst mich wissen, ob\u2019s <i>interessant <\/i>oder <i>voll lecker<\/i> geschmeckt hat. ;-)<\/p>\n<p><a href=\"https:\/\/78.46.122.165\/content\/uploads\/2014\/04\/Fenchel-Tarte-4.jpg\"><img loading=\"lazy\" decoding=\"async\" class=\"alignnone size-w1000 wp-image-2052\" src=\"https:\/\/78.46.122.165\/content\/uploads\/2014\/04\/Fenchel-Tarte-4-1000x1382.jpg\" alt=\"Fenchel-Tarte-4\" width=\"1000\" height=\"1382\" srcset=\"https:\/\/foodtastic.at\/content\/uploads\/2014\/04\/Fenchel-Tarte-4-1000x1382.jpg 1000w, https:\/\/foodtastic.at\/content\/uploads\/2014\/04\/Fenchel-Tarte-4-217x300.jpg 217w, https:\/\/foodtastic.at\/content\/uploads\/2014\/04\/Fenchel-Tarte-4-768x1061.jpg 768w, https:\/\/foodtastic.at\/content\/uploads\/2014\/04\/Fenchel-Tarte-4-741x1024.jpg 741w, https:\/\/foodtastic.at\/content\/uploads\/2014\/04\/Fenchel-Tarte-4-2000x2763.jpg 2000w, https:\/\/foodtastic.at\/content\/uploads\/2014\/04\/Fenchel-Tarte-4-1500x2072.jpg 1500w, https:\/\/foodtastic.at\/content\/uploads\/2014\/04\/Fenchel-Tarte-4-500x691.jpg 500w\" sizes=\"(max-width: 1000px) 100vw, 1000px\" \/><\/a><\/p>\n<p><a href=\"https:\/\/78.46.122.165\/content\/uploads\/2014\/04\/Fenchel-Tarte-7.jpg\"><img loading=\"lazy\" decoding=\"async\" class=\"alignnone size-w1000 wp-image-2054\" src=\"https:\/\/78.46.122.165\/content\/uploads\/2014\/04\/Fenchel-Tarte-7-1000x717.jpg\" alt=\"Fenchel-Tarte-7\" width=\"1000\" height=\"717\" srcset=\"https:\/\/foodtastic.at\/content\/uploads\/2014\/04\/Fenchel-Tarte-7-1000x717.jpg 1000w, https:\/\/foodtastic.at\/content\/uploads\/2014\/04\/Fenchel-Tarte-7-300x215.jpg 300w, https:\/\/foodtastic.at\/content\/uploads\/2014\/04\/Fenchel-Tarte-7-768x550.jpg 768w, https:\/\/foodtastic.at\/content\/uploads\/2014\/04\/Fenchel-Tarte-7-1024x734.jpg 1024w, https:\/\/foodtastic.at\/content\/uploads\/2014\/04\/Fenchel-Tarte-7-2000x1433.jpg 2000w, https:\/\/foodtastic.at\/content\/uploads\/2014\/04\/Fenchel-Tarte-7-1500x1075.jpg 1500w, https:\/\/foodtastic.at\/content\/uploads\/2014\/04\/Fenchel-Tarte-7-500x358.jpg 500w\" sizes=\"(max-width: 1000px) 100vw, 1000px\" \/><\/a><\/p>\n<p><a href=\"https:\/\/78.46.122.165\/content\/uploads\/2014\/04\/Fenchel-Tarte1.jpg\"><img loading=\"lazy\" decoding=\"async\" class=\"alignnone size-w1000 wp-image-2056\" src=\"https:\/\/78.46.122.165\/content\/uploads\/2014\/04\/Fenchel-Tarte1-1000x667.jpg\" alt=\"Fenchel-Tarte1\" width=\"1000\" height=\"667\" srcset=\"https:\/\/foodtastic.at\/content\/uploads\/2014\/04\/Fenchel-Tarte1-1000x667.jpg 1000w, https:\/\/foodtastic.at\/content\/uploads\/2014\/04\/Fenchel-Tarte1-300x200.jpg 300w, https:\/\/foodtastic.at\/content\/uploads\/2014\/04\/Fenchel-Tarte1-768x512.jpg 768w, https:\/\/foodtastic.at\/content\/uploads\/2014\/04\/Fenchel-Tarte1-1024x683.jpg 1024w, https:\/\/foodtastic.at\/content\/uploads\/2014\/04\/Fenchel-Tarte1-2000x1333.jpg 2000w, https:\/\/foodtastic.at\/content\/uploads\/2014\/04\/Fenchel-Tarte1-1500x1000.jpg 1500w, https:\/\/foodtastic.at\/content\/uploads\/2014\/04\/Fenchel-Tarte1-500x333.jpg 500w\" sizes=\"(max-width: 1000px) 100vw, 1000px\" \/><\/a><\/p>\n<h3><\/h3>\n<p><a href=\"https:\/\/78.46.122.165\/content\/uploads\/2014\/04\/Fenchel-Tarte-6.jpg\"><img loading=\"lazy\" decoding=\"async\" class=\"alignnone size-w1000 wp-image-2053\" src=\"https:\/\/78.46.122.165\/content\/uploads\/2014\/04\/Fenchel-Tarte-6-1000x679.jpg\" alt=\"Fenchel-Tarte-6\" width=\"1000\" height=\"679\" srcset=\"https:\/\/foodtastic.at\/content\/uploads\/2014\/04\/Fenchel-Tarte-6-1000x679.jpg 1000w, https:\/\/foodtastic.at\/content\/uploads\/2014\/04\/Fenchel-Tarte-6-300x204.jpg 300w, https:\/\/foodtastic.at\/content\/uploads\/2014\/04\/Fenchel-Tarte-6-768x521.jpg 768w, https:\/\/foodtastic.at\/content\/uploads\/2014\/04\/Fenchel-Tarte-6-1024x695.jpg 1024w, https:\/\/foodtastic.at\/content\/uploads\/2014\/04\/Fenchel-Tarte-6-2000x1357.jpg 2000w, https:\/\/foodtastic.at\/content\/uploads\/2014\/04\/Fenchel-Tarte-6-1500x1018.jpg 1500w, https:\/\/foodtastic.at\/content\/uploads\/2014\/04\/Fenchel-Tarte-6-500x339.jpg 500w\" sizes=\"(max-width: 1000px) 100vw, 1000px\" \/><\/a><\/p>\n","protected":false},"excerpt":{"rendered":"<p>Due to my (and my blog&#8217;s) birthday yesterday, today&#8217;s post isn&#8217;t quite as extensive as my other ones, but I will still not\u00a0deny you my\u00a0amazing fennel tart recipe.<\/p>\n","protected":false},"author":2,"featured_media":11611,"comment_status":"open","ping_status":"open","sticky":false,"template":"","format":"standard","meta":{"footnotes":""},"categories":[798,754],"tags":[1022,1135,765,1136,768],"ingredient":[],"class_list":["post-10396","post","type-post","status-publish","format-standard","has-post-thumbnail","hentry","category-glutenfreiheit-en","category-recipes","tag-fenchel-en","tag-fenchel-tarte-en","tag-glutenfrei-en","tag-tarte-en","tag-vegan-en"],"yoast_head":"<!-- This site is optimized with the Yoast SEO plugin v25.3.1 - https:\/\/yoast.com\/wordpress\/plugins\/seo\/ -->\n<title>Fennel Tart - Foodtastic<\/title>\n<meta name=\"description\" content=\"Herrliche Fenchel-Tarte mit Reismehl, Mandel- und Kartoffelmehl.\" \/>\n<meta name=\"robots\" content=\"index, follow, max-snippet:-1, max-image-preview:large, max-video-preview:-1\" \/>\n<link rel=\"canonical\" href=\"https:\/\/www.foodtastic.at\/en\/2014\/04\/06\/fenchel-tarte\/\" \/>\n<meta property=\"og:locale\" content=\"en_US\" \/>\n<meta property=\"og:type\" content=\"article\" \/>\n<meta property=\"og:title\" content=\"Fennel Tart - Foodtastic\" \/>\n<meta property=\"og:description\" content=\"Bereits vergangene Woche habe ich \u00fcber den Fenchel und seine gesunden Inhaltstoffe geschrieben, und zum Thema Buchweizen gab es ja auch schon einen Eintrag. Hier eine wunderbare Fenchel-Tarte, die beide Zutaten beinhaltet.\" \/>\n<meta property=\"og:url\" content=\"https:\/\/www.foodtastic.at\/en\/2014\/04\/06\/fenchel-tarte\/\" \/>\n<meta property=\"og:site_name\" content=\"Foodtastic\" \/>\n<meta property=\"article:published_time\" content=\"2014-04-06T11:43:33+00:00\" \/>\n<meta property=\"article:modified_time\" content=\"2016-02-15T13:55:28+00:00\" \/>\n<meta property=\"og:image\" content=\"https:\/\/78.46.122.165\/content\/uploads\/2014\/04\/Fenchel-Tarte1.jpg\" \/>\n<meta name=\"author\" content=\"Eva Fischer\" \/>\n<meta name=\"twitter:label1\" content=\"Written by\" \/>\n\t<meta name=\"twitter:data1\" content=\"Eva Fischer\" \/>\n\t<meta name=\"twitter:label2\" content=\"Est. reading time\" \/>\n\t<meta name=\"twitter:data2\" content=\"2 minutes\" \/>\n<script type=\"application\/ld+json\" class=\"yoast-schema-graph\">{\"@context\":\"https:\/\/schema.org\",\"@graph\":[{\"@type\":\"WebPage\",\"@id\":\"https:\/\/www.foodtastic.at\/en\/2014\/04\/06\/fenchel-tarte\/\",\"url\":\"https:\/\/www.foodtastic.at\/en\/2014\/04\/06\/fenchel-tarte\/\",\"name\":\"Fennel Tart - Foodtastic\",\"isPartOf\":{\"@id\":\"https:\/\/foodtastic.at\/#website\"},\"primaryImageOfPage\":{\"@id\":\"https:\/\/www.foodtastic.at\/en\/2014\/04\/06\/fenchel-tarte\/#primaryimage\"},\"image\":{\"@id\":\"https:\/\/www.foodtastic.at\/en\/2014\/04\/06\/fenchel-tarte\/#primaryimage\"},\"thumbnailUrl\":\"https:\/\/foodtastic.at\/content\/uploads\/2014\/04\/Titel-Fenchel-Tarte1-662x99311.jpg\",\"datePublished\":\"2014-04-06T11:43:33+00:00\",\"dateModified\":\"2016-02-15T13:55:28+00:00\",\"author\":{\"@id\":\"https:\/\/foodtastic.at\/#\/schema\/person\/236cc6fc2715dd91e8a168f03acd8f2e\"},\"description\":\"Herrliche Fenchel-Tarte mit Reismehl, Mandel- und Kartoffelmehl.\",\"breadcrumb\":{\"@id\":\"https:\/\/www.foodtastic.at\/en\/2014\/04\/06\/fenchel-tarte\/#breadcrumb\"},\"inLanguage\":\"en-US\",\"potentialAction\":[{\"@type\":\"ReadAction\",\"target\":[\"https:\/\/www.foodtastic.at\/en\/2014\/04\/06\/fenchel-tarte\/\"]}]},{\"@type\":\"ImageObject\",\"inLanguage\":\"en-US\",\"@id\":\"https:\/\/www.foodtastic.at\/en\/2014\/04\/06\/fenchel-tarte\/#primaryimage\",\"url\":\"https:\/\/foodtastic.at\/content\/uploads\/2014\/04\/Titel-Fenchel-Tarte1-662x99311.jpg\",\"contentUrl\":\"https:\/\/foodtastic.at\/content\/uploads\/2014\/04\/Titel-Fenchel-Tarte1-662x99311.jpg\",\"width\":662,\"height\":993},{\"@type\":\"BreadcrumbList\",\"@id\":\"https:\/\/www.foodtastic.at\/en\/2014\/04\/06\/fenchel-tarte\/#breadcrumb\",\"itemListElement\":[{\"@type\":\"ListItem\",\"position\":1,\"name\":\"Home\",\"item\":\"https:\/\/www.foodtastic.at\/en\/\"},{\"@type\":\"ListItem\",\"position\":2,\"name\":\"Fennel Tart\"}]},{\"@type\":\"WebSite\",\"@id\":\"https:\/\/foodtastic.at\/#website\",\"url\":\"https:\/\/foodtastic.at\/\",\"name\":\"Foodtastic\",\"description\":\"Foodtastic\",\"potentialAction\":[{\"@type\":\"SearchAction\",\"target\":{\"@type\":\"EntryPoint\",\"urlTemplate\":\"https:\/\/foodtastic.at\/?s={search_term_string}\"},\"query-input\":{\"@type\":\"PropertyValueSpecification\",\"valueRequired\":true,\"valueName\":\"search_term_string\"}}],\"inLanguage\":\"en-US\"},{\"@type\":\"Person\",\"@id\":\"https:\/\/foodtastic.at\/#\/schema\/person\/236cc6fc2715dd91e8a168f03acd8f2e\",\"name\":\"Eva Fischer\",\"image\":{\"@type\":\"ImageObject\",\"inLanguage\":\"en-US\",\"@id\":\"https:\/\/foodtastic.at\/#\/schema\/person\/image\/\",\"url\":\"https:\/\/secure.gravatar.com\/avatar\/4ca2586764ed355e8db767a3d352a088?s=96&d=mm&r=g\",\"contentUrl\":\"https:\/\/secure.gravatar.com\/avatar\/4ca2586764ed355e8db767a3d352a088?s=96&d=mm&r=g\",\"caption\":\"Eva Fischer\"},\"sameAs\":[\"https:\/\/78.46.122.165\"],\"url\":\"https:\/\/foodtastic.at\/en\/author\/eva\/\"}]}<\/script>\n<!-- \/ Yoast SEO plugin. -->","yoast_head_json":{"title":"Fennel Tart - Foodtastic","description":"Herrliche Fenchel-Tarte mit Reismehl, Mandel- und Kartoffelmehl.","robots":{"index":"index","follow":"follow","max-snippet":"max-snippet:-1","max-image-preview":"max-image-preview:large","max-video-preview":"max-video-preview:-1"},"canonical":"https:\/\/www.foodtastic.at\/en\/2014\/04\/06\/fenchel-tarte\/","og_locale":"en_US","og_type":"article","og_title":"Fennel Tart - Foodtastic","og_description":"Bereits vergangene Woche habe ich \u00fcber den Fenchel und seine gesunden Inhaltstoffe geschrieben, und zum Thema Buchweizen gab es ja auch schon einen Eintrag. Hier eine wunderbare Fenchel-Tarte, die beide Zutaten beinhaltet.","og_url":"https:\/\/www.foodtastic.at\/en\/2014\/04\/06\/fenchel-tarte\/","og_site_name":"Foodtastic","article_published_time":"2014-04-06T11:43:33+00:00","article_modified_time":"2016-02-15T13:55:28+00:00","og_image":[{"url":"https:\/\/78.46.122.165\/content\/uploads\/2014\/04\/Fenchel-Tarte1.jpg","type":"","width":"","height":""}],"author":"Eva Fischer","twitter_misc":{"Written by":"Eva Fischer","Est. reading time":"2 minutes"},"schema":{"@context":"https:\/\/schema.org","@graph":[{"@type":"WebPage","@id":"https:\/\/www.foodtastic.at\/en\/2014\/04\/06\/fenchel-tarte\/","url":"https:\/\/www.foodtastic.at\/en\/2014\/04\/06\/fenchel-tarte\/","name":"Fennel Tart - Foodtastic","isPartOf":{"@id":"https:\/\/foodtastic.at\/#website"},"primaryImageOfPage":{"@id":"https:\/\/www.foodtastic.at\/en\/2014\/04\/06\/fenchel-tarte\/#primaryimage"},"image":{"@id":"https:\/\/www.foodtastic.at\/en\/2014\/04\/06\/fenchel-tarte\/#primaryimage"},"thumbnailUrl":"https:\/\/foodtastic.at\/content\/uploads\/2014\/04\/Titel-Fenchel-Tarte1-662x99311.jpg","datePublished":"2014-04-06T11:43:33+00:00","dateModified":"2016-02-15T13:55:28+00:00","author":{"@id":"https:\/\/foodtastic.at\/#\/schema\/person\/236cc6fc2715dd91e8a168f03acd8f2e"},"description":"Herrliche Fenchel-Tarte mit Reismehl, Mandel- und Kartoffelmehl.","breadcrumb":{"@id":"https:\/\/www.foodtastic.at\/en\/2014\/04\/06\/fenchel-tarte\/#breadcrumb"},"inLanguage":"en-US","potentialAction":[{"@type":"ReadAction","target":["https:\/\/www.foodtastic.at\/en\/2014\/04\/06\/fenchel-tarte\/"]}]},{"@type":"ImageObject","inLanguage":"en-US","@id":"https:\/\/www.foodtastic.at\/en\/2014\/04\/06\/fenchel-tarte\/#primaryimage","url":"https:\/\/foodtastic.at\/content\/uploads\/2014\/04\/Titel-Fenchel-Tarte1-662x99311.jpg","contentUrl":"https:\/\/foodtastic.at\/content\/uploads\/2014\/04\/Titel-Fenchel-Tarte1-662x99311.jpg","width":662,"height":993},{"@type":"BreadcrumbList","@id":"https:\/\/www.foodtastic.at\/en\/2014\/04\/06\/fenchel-tarte\/#breadcrumb","itemListElement":[{"@type":"ListItem","position":1,"name":"Home","item":"https:\/\/www.foodtastic.at\/en\/"},{"@type":"ListItem","position":2,"name":"Fennel Tart"}]},{"@type":"WebSite","@id":"https:\/\/foodtastic.at\/#website","url":"https:\/\/foodtastic.at\/","name":"Foodtastic","description":"Foodtastic","potentialAction":[{"@type":"SearchAction","target":{"@type":"EntryPoint","urlTemplate":"https:\/\/foodtastic.at\/?s={search_term_string}"},"query-input":{"@type":"PropertyValueSpecification","valueRequired":true,"valueName":"search_term_string"}}],"inLanguage":"en-US"},{"@type":"Person","@id":"https:\/\/foodtastic.at\/#\/schema\/person\/236cc6fc2715dd91e8a168f03acd8f2e","name":"Eva Fischer","image":{"@type":"ImageObject","inLanguage":"en-US","@id":"https:\/\/foodtastic.at\/#\/schema\/person\/image\/","url":"https:\/\/secure.gravatar.com\/avatar\/4ca2586764ed355e8db767a3d352a088?s=96&d=mm&r=g","contentUrl":"https:\/\/secure.gravatar.com\/avatar\/4ca2586764ed355e8db767a3d352a088?s=96&d=mm&r=g","caption":"Eva Fischer"},"sameAs":["https:\/\/78.46.122.165"],"url":"https:\/\/foodtastic.at\/en\/author\/eva\/"}]}},"_links":{"self":[{"href":"https:\/\/foodtastic.at\/en\/wp-json\/wp\/v2\/posts\/10396"}],"collection":[{"href":"https:\/\/foodtastic.at\/en\/wp-json\/wp\/v2\/posts"}],"about":[{"href":"https:\/\/foodtastic.at\/en\/wp-json\/wp\/v2\/types\/post"}],"author":[{"embeddable":true,"href":"https:\/\/foodtastic.at\/en\/wp-json\/wp\/v2\/users\/2"}],"replies":[{"embeddable":true,"href":"https:\/\/foodtastic.at\/en\/wp-json\/wp\/v2\/comments?post=10396"}],"version-history":[{"count":0,"href":"https:\/\/foodtastic.at\/en\/wp-json\/wp\/v2\/posts\/10396\/revisions"}],"wp:featuredmedia":[{"embeddable":true,"href":"https:\/\/foodtastic.at\/en\/wp-json\/wp\/v2\/media\/11611"}],"wp:attachment":[{"href":"https:\/\/foodtastic.at\/en\/wp-json\/wp\/v2\/media?parent=10396"}],"wp:term":[{"taxonomy":"category","embeddable":true,"href":"https:\/\/foodtastic.at\/en\/wp-json\/wp\/v2\/categories?post=10396"},{"taxonomy":"post_tag","embeddable":true,"href":"https:\/\/foodtastic.at\/en\/wp-json\/wp\/v2\/tags?post=10396"},{"taxonomy":"ingredient","embeddable":true,"href":"https:\/\/foodtastic.at\/en\/wp-json\/wp\/v2\/ingredient?post=10396"}],"curies":[{"name":"wp","href":"https:\/\/api.w.org\/{rel}","templated":true}]}}