{"id":11275,"date":"2014-11-12T23:58:20","date_gmt":"2014-11-12T22:58:20","guid":{"rendered":"http:\/\/78.46.122.165\/2014\/11\/12\/das-letzte-betonkuchen-mahl-bernadette-worndl\/?lang=en"},"modified":"2016-02-21T18:43:12","modified_gmt":"2016-02-21T17:43:12","slug":"das-letzte-betonkuchen-mahl-bernadette-worndl","status":"publish","type":"post","link":"https:\/\/foodtastic.at\/en\/2014\/11\/12\/das-letzte-betonkuchen-mahl-bernadette-worndl\/","title":{"rendered":"The Last Betonk\u00fcche Dinner by Bernadette W\u00f6rndl"},"content":{"rendered":"<p>This is an hommage to Bernadette W\u00f6rndl...<\/p>\n<p>and a sad goodbye to the Betonk\u00fcchen! As a bit of a consolation, I'll share with you Bernadette's cover image recipe:<\/p>\n<p><em>Colourful Carrot Tagine with Ras el-Hanout, Millet, Celery Mash and Saffron Quince<\/em><\/p>\n<p>A vegetarian dinner by\u00a0Bernadette W\u00f6rndl at the last Betonk\u00fcche event. I just had to be there. Reason 1: The Betonk\u00fcche is ending (sad face), 2. Bernadette W\u00f6rndl (she's actually been Bernadette Salinger for a little while now) and 3. because: a vegetarian dinner (particularly when it's made by Bernadette W\u00f6rndl).<\/p>\n<p><!--more--><\/p>\n<p><a href=\"https:\/\/78.46.122.165\/content\/uploads\/2014\/11\/Betonkueche-1612.jpg\"><img loading=\"lazy\" decoding=\"async\" class=\"alignnone size-large wp-image-3763\" src=\"https:\/\/78.46.122.165\/content\/uploads\/2014\/11\/Betonkueche-1612-662x441.jpg\" alt=\"Betonk\u00fcche_1612\" width=\"662\" height=\"441\" \/><\/a><\/p>\n<p><a href=\"https:\/\/78.46.122.165\/content\/uploads\/2014\/11\/Betonkueche-1609.jpg\"><img loading=\"lazy\" decoding=\"async\" class=\"alignnone size-large wp-image-3762\" src=\"https:\/\/78.46.122.165\/content\/uploads\/2014\/11\/Betonkueche-1609-662x441.jpg\" alt=\"Betonk\u00fcche_1609\" width=\"662\" height=\"441\" \/><\/a><\/p>\n<p><a href=\"https:\/\/78.46.122.165\/content\/uploads\/2014\/11\/Bernadette-1660.jpg\"><img loading=\"lazy\" decoding=\"async\" class=\"alignnone size-large wp-image-3747\" src=\"https:\/\/78.46.122.165\/content\/uploads\/2014\/11\/Bernadette-1660-662x978.jpg\" alt=\"Bernadette_1660\" width=\"662\" height=\"978\" \/><\/a><\/p>\n<p>Bei Bernadette W\u00f6rndl hat vegetarisch bzw. Essen an sich ja einen ganz besonderen Stellenwert \u2013 sie verwendet das Nahrungsmittel von der Schale bis zum Kern. Dies ist auch der Titel ihres ersten erfolgreichen <a href=\"https:\/\/www.cbv.at\/Buch.aspx?buch_id=123040\">Kochbuchs<\/a>. Was viele nicht wissen bzw. auch einfach nie gelernt haben ist, dass die Pflanze, sprich das Gem\u00fcse und das Obst, das wir t\u00e4glich essen als Ganzes wertvoll ist \u2013 dazu geh\u00f6ren genauso St\u00e4ngel, Stiele, Kerne, Bl\u00e4tter &amp; Co. So l\u00e4sst sich zum Beispiel aus den Bl\u00e4ttern von Radieschen ein wunderbares Radieschen-Pesto zaubern. Brokkolist\u00e4ngel k\u00f6nnen genauso klein geschnitten werden und mit den Wok geschmissen werden.<\/p>\n<p>Aufmerksam wurde ich auf Berndaette W\u00f6rndl das erste Mal, als ich eine\u00a0<em>Frisch gekocht<\/em> Zeitschrift von Billa durchbl\u00e4tterte und bei einem faszinierenden Food Foto h\u00e4ngen blieb. Ich suchte gleich nach der K\u00fcnstlerin, die dieses Bild so sch\u00f6n in Szene gesetzt hatte und stie\u00df auf Bernadette \u2013 dann fand ich ihre <a href=\"https:\/\/www.bernadettewoerndl.at\/\">Website<\/a> und erfuhr, dass sie professionelle Food Stylistin ist und jahrelang bei einem meiner Lieblingsgesch\u00e4fte, einem Kochbuch und Gew\u00fcrzladen, n\u00e4mlich das <a href=\"https:\/\/www.babettes.at\/de\">\u201eBabette's Spice and Books for Cooks\u201c<\/a> in der Schleifm\u00fchlgasse im 4. Wiener Bezirk als K\u00f6chin t\u00e4tig war.<\/p>\n<p>Laut ihrer Bio backte Bernadette schon als kleines M\u00e4dchen mit ihrer Gro\u00dfmutter flei\u00dfig Kuchen und zog Strudelteige. Sp\u00e4ter zog es sie an die Wiener Kunstschule, wo das Thema \u201efood art\u201c ihre k\u00fcnstlerische Leidenschaft wurde.<\/p>\n<p>Auch bei dieser letzten Betonk\u00fcche zeigte sich, wie wichtig Bernadette Formen und Farben auf dem Teller sind. Bekannterma\u00dfen isst das Auge ja mit. Das letzte \u201eMahl\u201c Betonk\u00fcche in wunderh\u00fcbschen R\u00e4umlichkeiten im 9. Wiener Bezirk war ein Festmahl. Die Betonk\u00fcche hat in der Vergangenheit 7-Mal leerstehende Gassenlokale in eine k\u00fcnstlerische Pop-up Szenerie umgewandelt. 4-Mal war ich selber dabei \u2013 auch <a href=\"https:\/\/78.46.122.165\/2013\/12\/03\/betonkuche-mit-michael-wolf\/#more-704\">hier<\/a> nachzulesen, was die Betonk\u00fcche genau ist. Der Andrang war immer ein gro\u00dfer \u2013 binnen k\u00fcrzester Zeit, wenn die Mails an die Newsletter Abonnenten rausgingen, waren die Pl\u00e4tze schon vergeben. Schade, dass die Schaffer Martin, Philipp, Javier und Jonathan dieser grandiosen kulinarischen Idee nicht mehr weiter machen wollen.<\/p>\n<p><a href=\"https:\/\/78.46.122.165\/content\/uploads\/2014\/11\/Duo-Betonkueche.jpg\"><img loading=\"lazy\" decoding=\"async\" class=\"alignnone size-large wp-image-3770\" src=\"https:\/\/78.46.122.165\/content\/uploads\/2014\/11\/Duo-Betonkueche-662x493.jpg\" alt=\"Duo-Betonk\u00fcche\" width=\"662\" height=\"493\" \/><\/a><\/p>\n<p><a href=\"https:\/\/78.46.122.165\/content\/uploads\/2014\/11\/Betonkueche-1675.jpg\"><img loading=\"lazy\" decoding=\"async\" class=\"alignnone size-large wp-image-3768\" src=\"https:\/\/78.46.122.165\/content\/uploads\/2014\/11\/Betonkueche-1675-662x441.jpg\" alt=\"Betonk\u00fcche_1675\" width=\"662\" height=\"441\" \/><\/a><\/p>\n<p><a href=\"https:\/\/78.46.122.165\/content\/uploads\/2014\/11\/Duo-Betonkueche1.jpg\"><img loading=\"lazy\" decoding=\"async\" class=\"alignnone size-large wp-image-3771\" src=\"https:\/\/78.46.122.165\/content\/uploads\/2014\/11\/Duo-Betonkueche1-662x493.jpg\" alt=\"Duo-Betonk\u00fcche1\" width=\"662\" height=\"493\" \/><\/a><\/p>\n<p><a href=\"https:\/\/78.46.122.165\/content\/uploads\/2014\/11\/Menue10-1656.jpg\"><img loading=\"lazy\" decoding=\"async\" class=\"alignnone size-large wp-image-3756\" src=\"https:\/\/78.46.122.165\/content\/uploads\/2014\/11\/Menue10-1656-662x598.jpg\" alt=\"Men\u00fc10_1656\" width=\"662\" height=\"598\" \/><\/a><\/p>\n<p>Hier\u00a0Bernadettes kreative Kreationen des Abends. Den 6. Gang hat mir Bernadette liebensw\u00fcrdigerweise als ganzes Rezept verraten und ich m\u00f6chte es gerne mit euch teilen. Die Nachspeise, sprich die Mandelfinanciers hat sie doch tats\u00e4chlich glutenfrei f\u00fcr mich zubereitet.<\/p>\n<p>Wodka Drink mit Safranfond\/Meyersirup\/Eisw\u00fcrfel, Meyercandy<\/p>\n<p>1. Verbrannte Rote R\u00fcben Butter, Radi, Kn\u00e4ckebrot<\/p>\n<p><a href=\"https:\/\/78.46.122.165\/content\/uploads\/2014\/11\/Menue8-1656.jpg\"><img loading=\"lazy\" decoding=\"async\" class=\"alignnone size-large wp-image-3755\" src=\"https:\/\/78.46.122.165\/content\/uploads\/2014\/11\/Menue8-1656-662x721.jpg\" alt=\"Men\u00fc8_1656\" width=\"662\" height=\"721\" \/><\/a><\/p>\n<p>2. Artischocke, Gribiche, Dotter, Fenchel fein gehobelt, Estragonmayo im Eiwei\u00df angerichtet, altes Brot (knusper), Karottengr\u00fcn, Fleur de Sel<\/p>\n<p><a href=\"https:\/\/78.46.122.165\/content\/uploads\/2014\/11\/Menue3-1656.jpg\"><img loading=\"lazy\" decoding=\"async\" class=\"alignnone size-large wp-image-3750\" src=\"https:\/\/78.46.122.165\/content\/uploads\/2014\/11\/Menue3-1656-662x698.jpg\" alt=\"Men\u00fc3_1656\" width=\"662\" height=\"698\" \/><\/a><\/p>\n<p>3. Bachsalatstr\u00e4u\u00dfchen mit Schnittlauch zusammengebunden, Zitronengurke, (hauchd\u00fcnne Scheibe) Gurkenr\u00f6llchen, Cocktailgurke, Meyer Zitronenscheibe (hauch d\u00fcnn), Wacholderrahm, Dille\u00f6l, blaue Kartoffelchips, Gomasio<\/p>\n<p><a href=\"https:\/\/78.46.122.165\/content\/uploads\/2014\/11\/Menue2-1656.jpg\"><img loading=\"lazy\" decoding=\"async\" class=\"alignnone size-large wp-image-3749\" src=\"https:\/\/78.46.122.165\/content\/uploads\/2014\/11\/Menue2-1656-662x441.jpg\" alt=\"Men\u00fc2_1656\" width=\"662\" height=\"441\" \/><\/a><\/p>\n<p>5. Geschmorte Portwein Schalotten\/ Preiselbeere\/Kakao\/ Klee, confierte Rote R\u00fcbe, Ziegenk\u00e4se, \/Pan de Epices Knuspertoast 2x gebacken, Apfelw\u00fcrfel, Bl\u00fcten<\/p>\n<p><a href=\"https:\/\/78.46.122.165\/content\/uploads\/2014\/11\/Menue1-1656.jpg\"><img loading=\"lazy\" decoding=\"async\" class=\"alignnone size-large wp-image-3748\" src=\"https:\/\/78.46.122.165\/content\/uploads\/2014\/11\/Menue1-1656-662x710.jpg\" alt=\"Men\u00fc1_1656\" width=\"662\" height=\"710\" \/><\/a><\/p>\n<p>4. Karfiol-Meyer Lemoncreme mit ger\u00f6steten Bl\u00e4ttern und R\u00f6schen, Mohn-Olivencrumble, \u00d6l<\/p>\n<p>6. Butternussk\u00fcrbisscheibe ger\u00f6stet, Selleriep\u00fcree, Hirse, bunte Karotte, K\u00fcrbisspalte, geschmort mit Raselhanout, Labne (kleines B\u00e4llchen) mit Pistaziendukkah \/Safranquitte\/ frittierte Kohlsprossen<\/p>\n<p><a href=\"https:\/\/78.46.122.165\/content\/uploads\/2014\/11\/Hauptspeise.jpg\"><img loading=\"lazy\" decoding=\"async\" class=\"alignnone size-large wp-image-3784\" src=\"https:\/\/78.46.122.165\/content\/uploads\/2014\/11\/Hauptspeise-662x662.jpg\" alt=\"Hauptspeise\" width=\"662\" height=\"662\" \/><\/a><\/p>\n<p>7. Feigenblatteis, verbrannte Feigen, Mandelfinanciers, Honigwabe, Whiskeycreme<\/p>\n<p><a href=\"https:\/\/78.46.122.165\/content\/uploads\/2014\/11\/Menue6-1656.jpg\"><img loading=\"lazy\" decoding=\"async\" class=\"alignnone size-large wp-image-3753\" src=\"https:\/\/78.46.122.165\/content\/uploads\/2014\/11\/Menue6-1656-662x441.jpg\" alt=\"Men\u00fc6_1656\" width=\"662\" height=\"441\" \/><\/a><\/p>\n<p><a href=\"https:\/\/78.46.122.165\/content\/uploads\/2014\/11\/Duo-Betonkueche3.jpg\"><img loading=\"lazy\" decoding=\"async\" class=\"alignnone size-large wp-image-3772\" src=\"https:\/\/78.46.122.165\/content\/uploads\/2014\/11\/Duo-Betonkueche3-662x493.jpg\" alt=\"Duo-Betonk\u00fcche3\" width=\"662\" height=\"493\" \/><\/a><\/p>\n<p>Und hier\u00a0mein Favorit des Abends als Rezept\u00a0\u2013 vielen herzlichen Dank liebe Bernadette, dass ich dein fantastisches Rezept\u00a0mit der Au\u00dfenwelt teilen darf!<\/p>\n[print_this]\n<h2>Bunte Karotten-Tajine mit Ras el-Hanout, Hirse, Selleriep\u00fcree und Safranquitte<\/h2>\n<h3>Zutaten:<\/h3>\n<p>1 Sellerie<br \/>\n3 EL Butter<br \/>\n150-200 ml Milch oder Wasser<br \/>\n1 kleiner l\u00e4nglicher Butternussk\u00fcrbis<br \/>\n1 TL Ras el-Hanout (das beste gibt\u2019s bei Babette\u2019s)<br \/>\n1 EL Oliven\u00f6l<br \/>\n100 g Hirse<br \/>\n5-8 Schalotten<br \/>\n2 Knoblauchzehen<br \/>\n2 EL Butterschmalz<br \/>\n2 EL Honig<br \/>\n500 g bunte Karotten<br \/>\n1 kleiner Hokkaidok\u00fcrbis<br \/>\n3 EL Ras el-Hanout<br \/>\n1\u20132 cm Ingwer<br \/>\nSaft einer Bio-Orange<br \/>\n1 Zimtstange<br \/>\nSalz und frisch gemahlener schwarzer Pfeffer<\/p>\n<h3><strong>Zutaten f\u00fcr Safran-Quitte:<\/strong><\/h3>\n<p>500 ml Birnensaft<br \/>\n1 g Safran<br \/>\n2\u20133 Quitten<\/p>\n<p>2\u20133 EL Koriander nach Belieben<\/p>\n<h3>Zubereitung:<\/h3>\n<p>1.) Sellerie sch\u00e4len, in grobe St\u00fccke schneiden. In einem Topf zusammen mit der Butter and\u00fcnsten \u2013 dabei soll die Butter nussig duften, mit Wasser oder Milch angie\u00dfen und auf kleiner Flamme f\u00fcr 15-20 Minuten gar d\u00fcnsten. Zusammen mit der Fl\u00fcssigkeit fein p\u00fcrieren.<\/p>\n<p>2.) Butternuss sch\u00e4len, in Scheiben schneiden und auf einem mit Backpapier ausgelegtem Blech zusammen mit dem Oliven\u00f6l und Ras el-Hanout marinieren und verteilen und bei 180 \u00b0C je nach Gr\u00f6\u00dfe ungef\u00e4hr 10\u201315 Minuten r\u00f6sten, bis sie an den R\u00e4nder braun sind.<\/p>\n<p>3.) Hirse laut Packungsanleitung in Salzwasser kochen und gut ausd\u00e4mpfen lassen.<br \/>\nBackofen auf 140 \u00b0C zur\u00fcckdrehen. Einen Schmortopf auf dem Herd erhitzen.<br \/>\nSchalotten und Knoblauch sch\u00e4len. Schalotten halbieren, Knoblauch hacken und im Butterschmalz unter r\u00fchren karamellisieren lassen. Honig hinzuf\u00fcgen.<\/p>\n<p>4.) Bunte Karotten waschen, je nach Gr\u00f6\u00dfe ganz lassen oder in beliebig gro\u00dfe St\u00fccke schneiden. K\u00fcrbis waschen, halbieren, mit einem L\u00f6ffel die Kerne entfernen und in 5-8 mm d\u00fcnne Spalten schneiden. Karotten und K\u00fcrbisspalten mit Ras el-Hanout, frisch geriebenem Ingwer, Saft der Orange und der Zimtstange in den Schmortopf geben. Mit 180 ml Gem\u00fcsebr\u00fche oder Wasser auff\u00fcllen und samt Deckel auf unterster Schiene im Ofen f\u00fcr 1 Stunden langsam garen.<\/p>\n<p>5.) F\u00fcr die Safranquitte Birne waschen, sch\u00e4len. Birnensaft mit Safran aufkochen, Quitten einlegen, f\u00fcr 2-3 Minuten kochen, von der Herdplatte ziehen und im hei\u00dfen Sud gar werden lassen.<br \/>\nIngwerscheiben und Zimtstange entfernen.<\/p>\n<p>Zum Anrichten je eine Scheibe vom Butternussk\u00fcrbis, einen Klecks Selleriep\u00fcree, eine Essl\u00f6ffel der Karotten sowie der Hirse auf den Tellern verteilen. Zum Schluss mit der Safranquitte und frischen Korianderbl\u00e4ttchen servieren.<\/p>\n<p><img loading=\"lazy\" decoding=\"async\" class=\"alignnone size-full wp-image-2722\" src=\"https:\/\/78.46.122.165\/wp-content\/uploads\/2014\/06\/its-foodtastic.png\" alt=\"it's-foodtastic\" width=\"145\" height=\"33\" \/><\/p>\n[\/print_this]\n<p>\u00dcbrigens: Bernadette hat seit diesem Sommer ein weiteres geniales Projekt mit den Jungs der Feldk\u00fcche Martin Fetz und Matthias Felsner ins Leben gerufen \u2013 die <a href=\"https:\/\/www.sommerfrische-salzburgerland.at\/\">Sommerfrische.<\/a> Schaut vorbei und \u00fcberzeugt euch selbst.<\/p>\n<p><a href=\"https:\/\/78.46.122.165\/content\/uploads\/2014\/11\/Tafel-1647.jpg\"><img loading=\"lazy\" decoding=\"async\" class=\"alignnone size-large wp-image-3775\" src=\"https:\/\/78.46.122.165\/content\/uploads\/2014\/11\/Tafel-1647-662x993.jpg\" alt=\"Tafel_1647\" width=\"662\" height=\"993\" \/><\/a><\/p>\n<p><a href=\"https:\/\/78.46.122.165\/content\/uploads\/2014\/11\/Betonkueche-1613.jpg\"><img loading=\"lazy\" decoding=\"async\" class=\"alignnone size-large wp-image-3764\" src=\"https:\/\/78.46.122.165\/content\/uploads\/2014\/11\/Betonkueche-1613-662x993.jpg\" alt=\"Betonk\u00fcche_1613\" width=\"662\" height=\"993\" \/><\/a><\/p>\n","protected":false},"excerpt":{"rendered":"<p>This is an hommage to Bernadette W\u00f6rndl&#8230; and a sad goodbye to the Betonk\u00fcchen! As a bit of a consolation, I&#8217;ll share with you Bernadette&#8217;s cover image recipe: Colourful Carrot Tagine with Ras el-Hanout, Millet, Celery Mash and Saffron Quince A vegetarian dinner by\u00a0Bernadette W\u00f6rndl at the last Betonk\u00fcche event. I just had to be there. Reason 1: The Betonk\u00fcche is ending (sad face), 2. Bernadette W\u00f6rndl (she&#8217;s actually been Bernadette Salinger for a little while now) and 3. because: a vegetarian dinner (particularly when it&#8217;s made by Bernadette W\u00f6rndl).<\/p>\n","protected":false},"author":2,"featured_media":11669,"comment_status":"closed","ping_status":"closed","sticky":false,"template":"","format":"standard","meta":{"footnotes":""},"categories":[748,754],"tags":[1222,1205,1223,765,836],"ingredient":[],"class_list":["post-11275","post","type-post","status-publish","format-standard","has-post-thumbnail","hentry","category-events-en","category-recipes","tag-batettes-en","tag-bernadette-worndl-en","tag-betonkuche-en","tag-glutenfrei-en","tag-vegetarisch-en"],"yoast_head":"<!-- This site is optimized with the Yoast SEO plugin v25.3.1 - https:\/\/yoast.com\/wordpress\/plugins\/seo\/ -->\n<title>The Last Betonk\u00fcche Dinner by Bernadette W\u00f6rndl - Foodtastic<\/title>\n<meta name=\"description\" content=\"Das letzte Betonk\u00fcchen-Mahl mit Bernadette W\u00f6rndl. Sieben himmlische vegetarische Speisen.\" \/>\n<meta name=\"robots\" content=\"index, follow, max-snippet:-1, max-image-preview:large, max-video-preview:-1\" \/>\n<link rel=\"canonical\" href=\"https:\/\/www.foodtastic.at\/en\/2014\/11\/12\/das-letzte-betonkuchen-mahl-bernadette-worndl\/\" \/>\n<meta property=\"og:locale\" content=\"en_US\" \/>\n<meta property=\"og:type\" content=\"article\" \/>\n<meta property=\"og:title\" content=\"The Last Betonk\u00fcche Dinner by Bernadette W\u00f6rndl - Foodtastic\" \/>\n<meta property=\"og:description\" content=\"Das letzte Betonk\u00fcchen-Mahl mit Bernadette W\u00f6rndl. Sieben himmlische vegetarische Speisen.\" \/>\n<meta property=\"og:url\" content=\"https:\/\/www.foodtastic.at\/en\/2014\/11\/12\/das-letzte-betonkuchen-mahl-bernadette-worndl\/\" \/>\n<meta property=\"og:site_name\" content=\"Foodtastic\" \/>\n<meta property=\"article:published_time\" content=\"2014-11-12T22:58:20+00:00\" \/>\n<meta property=\"article:modified_time\" content=\"2016-02-21T17:43:12+00:00\" \/>\n<meta property=\"og:image\" content=\"https:\/\/78.46.122.165\/wp-content\/uploads\/2014\/11\/Hauptspeise.jpg\" \/>\n<meta name=\"author\" content=\"Eva Fischer\" \/>\n<meta name=\"twitter:label1\" content=\"Written by\" \/>\n\t<meta name=\"twitter:data1\" content=\"Eva Fischer\" \/>\n\t<meta name=\"twitter:label2\" content=\"Est. reading time\" \/>\n\t<meta name=\"twitter:data2\" content=\"5 minutes\" \/>\n<script type=\"application\/ld+json\" class=\"yoast-schema-graph\">{\"@context\":\"https:\/\/schema.org\",\"@graph\":[{\"@type\":\"WebPage\",\"@id\":\"https:\/\/www.foodtastic.at\/en\/2014\/11\/12\/das-letzte-betonkuchen-mahl-bernadette-worndl\/\",\"url\":\"https:\/\/www.foodtastic.at\/en\/2014\/11\/12\/das-letzte-betonkuchen-mahl-bernadette-worndl\/\",\"name\":\"The Last Betonk\u00fcche Dinner by Bernadette W\u00f6rndl - Foodtastic\",\"isPartOf\":{\"@id\":\"https:\/\/foodtastic.at\/#website\"},\"primaryImageOfPage\":{\"@id\":\"https:\/\/www.foodtastic.at\/en\/2014\/11\/12\/das-letzte-betonkuchen-mahl-bernadette-worndl\/#primaryimage\"},\"image\":{\"@id\":\"https:\/\/www.foodtastic.at\/en\/2014\/11\/12\/das-letzte-betonkuchen-mahl-bernadette-worndl\/#primaryimage\"},\"thumbnailUrl\":\"https:\/\/foodtastic.at\/content\/uploads\/2014\/11\/Hauptspeise1-662x6629.jpg\",\"datePublished\":\"2014-11-12T22:58:20+00:00\",\"dateModified\":\"2016-02-21T17:43:12+00:00\",\"author\":{\"@id\":\"https:\/\/foodtastic.at\/#\/schema\/person\/236cc6fc2715dd91e8a168f03acd8f2e\"},\"description\":\"Das letzte Betonk\u00fcchen-Mahl mit Bernadette W\u00f6rndl. Sieben himmlische vegetarische Speisen.\",\"breadcrumb\":{\"@id\":\"https:\/\/www.foodtastic.at\/en\/2014\/11\/12\/das-letzte-betonkuchen-mahl-bernadette-worndl\/#breadcrumb\"},\"inLanguage\":\"en-US\",\"potentialAction\":[{\"@type\":\"ReadAction\",\"target\":[\"https:\/\/www.foodtastic.at\/en\/2014\/11\/12\/das-letzte-betonkuchen-mahl-bernadette-worndl\/\"]}]},{\"@type\":\"ImageObject\",\"inLanguage\":\"en-US\",\"@id\":\"https:\/\/www.foodtastic.at\/en\/2014\/11\/12\/das-letzte-betonkuchen-mahl-bernadette-worndl\/#primaryimage\",\"url\":\"https:\/\/foodtastic.at\/content\/uploads\/2014\/11\/Hauptspeise1-662x6629.jpg\",\"contentUrl\":\"https:\/\/foodtastic.at\/content\/uploads\/2014\/11\/Hauptspeise1-662x6629.jpg\",\"width\":662,\"height\":662},{\"@type\":\"BreadcrumbList\",\"@id\":\"https:\/\/www.foodtastic.at\/en\/2014\/11\/12\/das-letzte-betonkuchen-mahl-bernadette-worndl\/#breadcrumb\",\"itemListElement\":[{\"@type\":\"ListItem\",\"position\":1,\"name\":\"Home\",\"item\":\"https:\/\/www.foodtastic.at\/en\/\"},{\"@type\":\"ListItem\",\"position\":2,\"name\":\"The Last Betonk\u00fcche Dinner by Bernadette W\u00f6rndl\"}]},{\"@type\":\"WebSite\",\"@id\":\"https:\/\/foodtastic.at\/#website\",\"url\":\"https:\/\/foodtastic.at\/\",\"name\":\"Foodtastic\",\"description\":\"Foodtastic\",\"potentialAction\":[{\"@type\":\"SearchAction\",\"target\":{\"@type\":\"EntryPoint\",\"urlTemplate\":\"https:\/\/foodtastic.at\/?s={search_term_string}\"},\"query-input\":{\"@type\":\"PropertyValueSpecification\",\"valueRequired\":true,\"valueName\":\"search_term_string\"}}],\"inLanguage\":\"en-US\"},{\"@type\":\"Person\",\"@id\":\"https:\/\/foodtastic.at\/#\/schema\/person\/236cc6fc2715dd91e8a168f03acd8f2e\",\"name\":\"Eva Fischer\",\"image\":{\"@type\":\"ImageObject\",\"inLanguage\":\"en-US\",\"@id\":\"https:\/\/foodtastic.at\/#\/schema\/person\/image\/\",\"url\":\"https:\/\/secure.gravatar.com\/avatar\/4ca2586764ed355e8db767a3d352a088?s=96&d=mm&r=g\",\"contentUrl\":\"https:\/\/secure.gravatar.com\/avatar\/4ca2586764ed355e8db767a3d352a088?s=96&d=mm&r=g\",\"caption\":\"Eva Fischer\"},\"sameAs\":[\"https:\/\/78.46.122.165\"],\"url\":\"https:\/\/foodtastic.at\/en\/author\/eva\/\"}]}<\/script>\n<!-- \/ Yoast SEO plugin. -->","yoast_head_json":{"title":"The Last Betonk\u00fcche Dinner by Bernadette W\u00f6rndl - Foodtastic","description":"Das letzte Betonk\u00fcchen-Mahl mit Bernadette W\u00f6rndl. Sieben himmlische vegetarische Speisen.","robots":{"index":"index","follow":"follow","max-snippet":"max-snippet:-1","max-image-preview":"max-image-preview:large","max-video-preview":"max-video-preview:-1"},"canonical":"https:\/\/www.foodtastic.at\/en\/2014\/11\/12\/das-letzte-betonkuchen-mahl-bernadette-worndl\/","og_locale":"en_US","og_type":"article","og_title":"The Last Betonk\u00fcche Dinner by Bernadette W\u00f6rndl - Foodtastic","og_description":"Das letzte Betonk\u00fcchen-Mahl mit Bernadette W\u00f6rndl. Sieben himmlische vegetarische Speisen.","og_url":"https:\/\/www.foodtastic.at\/en\/2014\/11\/12\/das-letzte-betonkuchen-mahl-bernadette-worndl\/","og_site_name":"Foodtastic","article_published_time":"2014-11-12T22:58:20+00:00","article_modified_time":"2016-02-21T17:43:12+00:00","og_image":[{"url":"https:\/\/78.46.122.165\/wp-content\/uploads\/2014\/11\/Hauptspeise.jpg","type":"","width":"","height":""}],"author":"Eva Fischer","twitter_misc":{"Written by":"Eva Fischer","Est. reading time":"5 minutes"},"schema":{"@context":"https:\/\/schema.org","@graph":[{"@type":"WebPage","@id":"https:\/\/www.foodtastic.at\/en\/2014\/11\/12\/das-letzte-betonkuchen-mahl-bernadette-worndl\/","url":"https:\/\/www.foodtastic.at\/en\/2014\/11\/12\/das-letzte-betonkuchen-mahl-bernadette-worndl\/","name":"The Last Betonk\u00fcche Dinner by Bernadette W\u00f6rndl - Foodtastic","isPartOf":{"@id":"https:\/\/foodtastic.at\/#website"},"primaryImageOfPage":{"@id":"https:\/\/www.foodtastic.at\/en\/2014\/11\/12\/das-letzte-betonkuchen-mahl-bernadette-worndl\/#primaryimage"},"image":{"@id":"https:\/\/www.foodtastic.at\/en\/2014\/11\/12\/das-letzte-betonkuchen-mahl-bernadette-worndl\/#primaryimage"},"thumbnailUrl":"https:\/\/foodtastic.at\/content\/uploads\/2014\/11\/Hauptspeise1-662x6629.jpg","datePublished":"2014-11-12T22:58:20+00:00","dateModified":"2016-02-21T17:43:12+00:00","author":{"@id":"https:\/\/foodtastic.at\/#\/schema\/person\/236cc6fc2715dd91e8a168f03acd8f2e"},"description":"Das letzte Betonk\u00fcchen-Mahl mit Bernadette W\u00f6rndl. Sieben himmlische vegetarische Speisen.","breadcrumb":{"@id":"https:\/\/www.foodtastic.at\/en\/2014\/11\/12\/das-letzte-betonkuchen-mahl-bernadette-worndl\/#breadcrumb"},"inLanguage":"en-US","potentialAction":[{"@type":"ReadAction","target":["https:\/\/www.foodtastic.at\/en\/2014\/11\/12\/das-letzte-betonkuchen-mahl-bernadette-worndl\/"]}]},{"@type":"ImageObject","inLanguage":"en-US","@id":"https:\/\/www.foodtastic.at\/en\/2014\/11\/12\/das-letzte-betonkuchen-mahl-bernadette-worndl\/#primaryimage","url":"https:\/\/foodtastic.at\/content\/uploads\/2014\/11\/Hauptspeise1-662x6629.jpg","contentUrl":"https:\/\/foodtastic.at\/content\/uploads\/2014\/11\/Hauptspeise1-662x6629.jpg","width":662,"height":662},{"@type":"BreadcrumbList","@id":"https:\/\/www.foodtastic.at\/en\/2014\/11\/12\/das-letzte-betonkuchen-mahl-bernadette-worndl\/#breadcrumb","itemListElement":[{"@type":"ListItem","position":1,"name":"Home","item":"https:\/\/www.foodtastic.at\/en\/"},{"@type":"ListItem","position":2,"name":"The Last Betonk\u00fcche Dinner by Bernadette W\u00f6rndl"}]},{"@type":"WebSite","@id":"https:\/\/foodtastic.at\/#website","url":"https:\/\/foodtastic.at\/","name":"Foodtastic","description":"Foodtastic","potentialAction":[{"@type":"SearchAction","target":{"@type":"EntryPoint","urlTemplate":"https:\/\/foodtastic.at\/?s={search_term_string}"},"query-input":{"@type":"PropertyValueSpecification","valueRequired":true,"valueName":"search_term_string"}}],"inLanguage":"en-US"},{"@type":"Person","@id":"https:\/\/foodtastic.at\/#\/schema\/person\/236cc6fc2715dd91e8a168f03acd8f2e","name":"Eva Fischer","image":{"@type":"ImageObject","inLanguage":"en-US","@id":"https:\/\/foodtastic.at\/#\/schema\/person\/image\/","url":"https:\/\/secure.gravatar.com\/avatar\/4ca2586764ed355e8db767a3d352a088?s=96&d=mm&r=g","contentUrl":"https:\/\/secure.gravatar.com\/avatar\/4ca2586764ed355e8db767a3d352a088?s=96&d=mm&r=g","caption":"Eva Fischer"},"sameAs":["https:\/\/78.46.122.165"],"url":"https:\/\/foodtastic.at\/en\/author\/eva\/"}]}},"_links":{"self":[{"href":"https:\/\/foodtastic.at\/en\/wp-json\/wp\/v2\/posts\/11275"}],"collection":[{"href":"https:\/\/foodtastic.at\/en\/wp-json\/wp\/v2\/posts"}],"about":[{"href":"https:\/\/foodtastic.at\/en\/wp-json\/wp\/v2\/types\/post"}],"author":[{"embeddable":true,"href":"https:\/\/foodtastic.at\/en\/wp-json\/wp\/v2\/users\/2"}],"replies":[{"embeddable":true,"href":"https:\/\/foodtastic.at\/en\/wp-json\/wp\/v2\/comments?post=11275"}],"version-history":[{"count":0,"href":"https:\/\/foodtastic.at\/en\/wp-json\/wp\/v2\/posts\/11275\/revisions"}],"wp:featuredmedia":[{"embeddable":true,"href":"https:\/\/foodtastic.at\/en\/wp-json\/wp\/v2\/media\/11669"}],"wp:attachment":[{"href":"https:\/\/foodtastic.at\/en\/wp-json\/wp\/v2\/media?parent=11275"}],"wp:term":[{"taxonomy":"category","embeddable":true,"href":"https:\/\/foodtastic.at\/en\/wp-json\/wp\/v2\/categories?post=11275"},{"taxonomy":"post_tag","embeddable":true,"href":"https:\/\/foodtastic.at\/en\/wp-json\/wp\/v2\/tags?post=11275"},{"taxonomy":"ingredient","embeddable":true,"href":"https:\/\/foodtastic.at\/en\/wp-json\/wp\/v2\/ingredient?post=11275"}],"curies":[{"name":"wp","href":"https:\/\/api.w.org\/{rel}","templated":true}]}}