{"id":11291,"date":"2014-05-16T13:00:08","date_gmt":"2014-05-16T12:00:08","guid":{"rendered":"http:\/\/78.46.122.165\/2014\/05\/16\/vegane-wochen-bei-kochabo-meine-rezeptfavoriten\/?lang=en"},"modified":"2016-02-21T18:50:03","modified_gmt":"2016-02-21T17:50:03","slug":"vegane-wochen-bei-kochabo-meine-rezeptfavoriten","status":"publish","type":"post","link":"https:\/\/foodtastic.at\/en\/2014\/05\/16\/vegane-wochen-bei-kochabo-meine-rezeptfavoriten\/","title":{"rendered":"Vegan Weeks with KochAbo &#038; my Favourite Recipes"},"content":{"rendered":"<p>As many of you know, my blog is my private and\u00a0<a href=\"https:\/\/www.kochabo.at\/\">KochAbo<\/a>\u00a0my business realm of activity. There, I create 6 new recipes every week and road test them. \u00a0Recently,\u00a0I had the pleasure of cooking lots of vegan dishes with Andrea, the owner of a new vegan hotspot in Vienna called\u00a0<a href=\"https:\/\/www.delibluem.com\/\">deli bluem<\/a>. So KochAbo will feature vegan recipes for two whole weeks, all powered by deli bluem. More info and three great vegan recipes are coming up...<\/p>\n<p><!--more--><\/p>\n<p><a href=\"https:\/\/78.46.122.165\/content\/uploads\/2014\/05\/kochabo_deli_bluem_presse_web-2.jpg\"><img loading=\"lazy\" decoding=\"async\" class=\"alignnone size-w1000 wp-image-2437\" src=\"https:\/\/78.46.122.165\/content\/uploads\/2014\/05\/kochabo_deli_bluem_presse_web-2-1000x635.jpg\" alt=\"kochabo_deli_bluem_presse_web-2\" width=\"1000\" height=\"635\" srcset=\"https:\/\/foodtastic.at\/content\/uploads\/2014\/05\/kochabo_deli_bluem_presse_web-2-1000x635.jpg 1000w, https:\/\/foodtastic.at\/content\/uploads\/2014\/05\/kochabo_deli_bluem_presse_web-2-300x191.jpg 300w, https:\/\/foodtastic.at\/content\/uploads\/2014\/05\/kochabo_deli_bluem_presse_web-2-768x488.jpg 768w, https:\/\/foodtastic.at\/content\/uploads\/2014\/05\/kochabo_deli_bluem_presse_web-2-1024x651.jpg 1024w, https:\/\/foodtastic.at\/content\/uploads\/2014\/05\/kochabo_deli_bluem_presse_web-2.jpg 1500w, https:\/\/foodtastic.at\/content\/uploads\/2014\/05\/kochabo_deli_bluem_presse_web-2-500x318.jpg 500w\" sizes=\"(max-width: 1000px) 100vw, 1000px\" \/><\/a><\/p>\n<p>Bei deli bluem mit der lieben Andrea Vaz-K\u00f6nig<\/p>\n<p>F\u00fcr die, die das KochAbo-Konzept noch nicht kennen: Bei KochAbo kann man 3 oder 5 Mahlzeiten bestellen, entweder als Single, f\u00fcr 2 oder 4 Personen. Zur Auswahl steht die sogenannte Classic Box, bei der du Fleischgerichte sowie vegetarische Mahlzeiten bekommst. Zudem kann man eine rein vegetarische Box bestellen. Nun gibt es in den Kalenderwochen 22 und 23 Rezepte mit ausschlie\u00dflich\u00a0 pflanzlichen Zutaten.<\/p>\n<p>Vegane K\u00fcche kennen die Meisten \u2013 f\u00fcr alle anderen hier kurz zusammengefasst: Sich vegan zu ern\u00e4hren bedeutet, auf tierische Lebensmittel zu verzichten und sich rein pflanzlich zu ern\u00e4hren. Dies bedeutet eine Ern\u00e4hrung mit mehr Gem\u00fcse und Obst. (Geschmacks)Einbu\u00dfen gibt es hier sicherlich nicht \u2013 im Gegenteil. Die vegane Ern\u00e4hrung zeigt uns die Vielfalt der Natur \u2013 sei es Obst, Gem\u00fcse, Kr\u00e4uter, H\u00fclsenfr\u00fcchte oder Getreide. Die Palette an Nahrungsmittel, mit denen wir uns vegan ern\u00e4hren k\u00f6nnen, ist riesig. Vegane Ern\u00e4hrung ist bewusst, abwechslungsreich und energiebringend.<\/p>\n<p><span style=\"text-decoration: underline;\">Folgende Rezepte finden sich in der KW 22 bei Kochabo.<\/span><\/p>\n<p>- Camargue Reis mit Bio-Kr\u00e4uterseitlingen und getrockneten Tomaten<br \/>\n- Ofengem\u00fcse mit S\u00fc\u00dfkartoffeln, Zucchini und Rosmarin<br \/>\n- Pastasalat mit Karfiol, geschmorten Zwiebeln und Rosinen<\/p>\n<p><span style=\"text-decoration: underline;\">Folgende Rezepte finden sich in der KW 23 bei Kochabo:<\/span><\/p>\n<p>- Lasagne einmal anders mit Zucchinischeiben und Champignon-Mandelmus<br \/>\n- Quinoa Rotkohl mit Datteln und Minze<br \/>\n- Kichererbsen Pilaw mit Kirschtomaten, Cashewn\u00fcssen und Orangen-Dressing<\/p>\n<p>Hier geht es direkt zur Bestellung auf <a href=\"https:\/\/www.kochabo.at\/vegan\">KochAbo<\/a>. Mit diesem Gutscheincode FOODTASTIC bekommst du einen 10 EURO Rabatt Gutschein.<\/p>\n<p>Hier meine Favoriten unter den vegangen Rezepten, die es in diesen zwei Wochen bei KochAbo zu bestellen gibt, sowie das mega leckere vegane Bananenbrot von\u00a0Stephan Tabery, der f\u00fcr deli bluem immer wieder tolle Rezepte kreiert.<\/p>\n<p><a href=\"https:\/\/78.46.122.165\/content\/uploads\/2014\/05\/kochabo_deli_bluem_speisen_web-7.jpg\"><img loading=\"lazy\" decoding=\"async\" class=\"alignnone size-w1000 wp-image-2446\" src=\"https:\/\/78.46.122.165\/content\/uploads\/2014\/05\/kochabo_deli_bluem_speisen_web-7-1000x1000.jpg\" alt=\"kochabo_deli_bluem_speisen_web-7\" width=\"1000\" height=\"1000\" srcset=\"https:\/\/foodtastic.at\/content\/uploads\/2014\/05\/kochabo_deli_bluem_speisen_web-7-1000x1000.jpg 1000w, https:\/\/foodtastic.at\/content\/uploads\/2014\/05\/kochabo_deli_bluem_speisen_web-7-150x150.jpg 150w, https:\/\/foodtastic.at\/content\/uploads\/2014\/05\/kochabo_deli_bluem_speisen_web-7-300x300.jpg 300w, https:\/\/foodtastic.at\/content\/uploads\/2014\/05\/kochabo_deli_bluem_speisen_web-7-768x768.jpg 768w, https:\/\/foodtastic.at\/content\/uploads\/2014\/05\/kochabo_deli_bluem_speisen_web-7-1024x1024.jpg 1024w, https:\/\/foodtastic.at\/content\/uploads\/2014\/05\/kochabo_deli_bluem_speisen_web-7.jpg 1500w, https:\/\/foodtastic.at\/content\/uploads\/2014\/05\/kochabo_deli_bluem_speisen_web-7-500x500.jpg 500w, https:\/\/foodtastic.at\/content\/uploads\/2014\/05\/kochabo_deli_bluem_speisen_web-7-750x750.jpg 750w, https:\/\/foodtastic.at\/content\/uploads\/2014\/05\/kochabo_deli_bluem_speisen_web-7-250x250.jpg 250w\" sizes=\"(max-width: 1000px) 100vw, 1000px\" \/><\/a><\/p>\n<p>&nbsp;<\/p>\n<p><a href=\"https:\/\/78.46.122.165\/content\/uploads\/2014\/05\/1490-Pilze-auf-rotem-Camarque-Reis-mit-Petersilie-und-getrockneten-Tomaten.jpg\"><img loading=\"lazy\" decoding=\"async\" class=\"alignnone size-w1000 wp-image-2452\" src=\"https:\/\/78.46.122.165\/content\/uploads\/2014\/05\/1490-Pilze-auf-rotem-Camarque-Reis-mit-Petersilie-und-getrockneten-Tomaten-1000x667.jpg\" alt=\"1490 Pilze auf rotem Camarque Reis mit Petersilie und getrockneten Tomaten\" width=\"1000\" height=\"667\" srcset=\"https:\/\/foodtastic.at\/content\/uploads\/2014\/05\/1490-Pilze-auf-rotem-Camarque-Reis-mit-Petersilie-und-getrockneten-Tomaten-1000x667.jpg 1000w, https:\/\/foodtastic.at\/content\/uploads\/2014\/05\/1490-Pilze-auf-rotem-Camarque-Reis-mit-Petersilie-und-getrockneten-Tomaten-300x200.jpg 300w, https:\/\/foodtastic.at\/content\/uploads\/2014\/05\/1490-Pilze-auf-rotem-Camarque-Reis-mit-Petersilie-und-getrockneten-Tomaten-768x512.jpg 768w, https:\/\/foodtastic.at\/content\/uploads\/2014\/05\/1490-Pilze-auf-rotem-Camarque-Reis-mit-Petersilie-und-getrockneten-Tomaten-1024x683.jpg 1024w, https:\/\/foodtastic.at\/content\/uploads\/2014\/05\/1490-Pilze-auf-rotem-Camarque-Reis-mit-Petersilie-und-getrockneten-Tomaten-2000x1334.jpg 2000w, https:\/\/foodtastic.at\/content\/uploads\/2014\/05\/1490-Pilze-auf-rotem-Camarque-Reis-mit-Petersilie-und-getrockneten-Tomaten-1500x1000.jpg 1500w, https:\/\/foodtastic.at\/content\/uploads\/2014\/05\/1490-Pilze-auf-rotem-Camarque-Reis-mit-Petersilie-und-getrockneten-Tomaten-500x333.jpg 500w\" sizes=\"(max-width: 1000px) 100vw, 1000px\" \/><\/a><\/p>\n<p>(c) KochABo \/Carina Hinterberger<\/p>\n<p><a href=\"https:\/\/78.46.122.165\/content\/uploads\/2014\/05\/kochabo_deli_bluem_speisen_web-5.jpg\"><img loading=\"lazy\" decoding=\"async\" class=\"alignnone size-w1000 wp-image-2444\" src=\"https:\/\/78.46.122.165\/content\/uploads\/2014\/05\/kochabo_deli_bluem_speisen_web-5-1000x1000.jpg\" alt=\"kochabo_deli_bluem_speisen_web-5\" width=\"1000\" height=\"1000\" srcset=\"https:\/\/foodtastic.at\/content\/uploads\/2014\/05\/kochabo_deli_bluem_speisen_web-5-1000x1000.jpg 1000w, https:\/\/foodtastic.at\/content\/uploads\/2014\/05\/kochabo_deli_bluem_speisen_web-5-150x150.jpg 150w, https:\/\/foodtastic.at\/content\/uploads\/2014\/05\/kochabo_deli_bluem_speisen_web-5-300x300.jpg 300w, https:\/\/foodtastic.at\/content\/uploads\/2014\/05\/kochabo_deli_bluem_speisen_web-5-768x768.jpg 768w, https:\/\/foodtastic.at\/content\/uploads\/2014\/05\/kochabo_deli_bluem_speisen_web-5-1024x1024.jpg 1024w, https:\/\/foodtastic.at\/content\/uploads\/2014\/05\/kochabo_deli_bluem_speisen_web-5.jpg 1500w, https:\/\/foodtastic.at\/content\/uploads\/2014\/05\/kochabo_deli_bluem_speisen_web-5-500x500.jpg 500w, https:\/\/foodtastic.at\/content\/uploads\/2014\/05\/kochabo_deli_bluem_speisen_web-5-750x750.jpg 750w, https:\/\/foodtastic.at\/content\/uploads\/2014\/05\/kochabo_deli_bluem_speisen_web-5-250x250.jpg 250w\" sizes=\"(max-width: 1000px) 100vw, 1000px\" \/><\/a><\/p>\n<p>&nbsp;<\/p>\n<p><a href=\"https:\/\/78.46.122.165\/content\/uploads\/2014\/05\/1491-Quinoa-Rotkohl-mit-Datteln-und-Minze.jpg\"><img loading=\"lazy\" decoding=\"async\" class=\"alignnone size-w1000 wp-image-2450\" src=\"https:\/\/78.46.122.165\/content\/uploads\/2014\/05\/1491-Quinoa-Rotkohl-mit-Datteln-und-Minze-1000x667.jpg\" alt=\"1491 Quinoa Rotkohl mit Datteln und Minze\" width=\"1000\" height=\"667\" srcset=\"https:\/\/foodtastic.at\/content\/uploads\/2014\/05\/1491-Quinoa-Rotkohl-mit-Datteln-und-Minze-1000x667.jpg 1000w, https:\/\/foodtastic.at\/content\/uploads\/2014\/05\/1491-Quinoa-Rotkohl-mit-Datteln-und-Minze-300x200.jpg 300w, https:\/\/foodtastic.at\/content\/uploads\/2014\/05\/1491-Quinoa-Rotkohl-mit-Datteln-und-Minze-768x512.jpg 768w, https:\/\/foodtastic.at\/content\/uploads\/2014\/05\/1491-Quinoa-Rotkohl-mit-Datteln-und-Minze-1024x683.jpg 1024w, https:\/\/foodtastic.at\/content\/uploads\/2014\/05\/1491-Quinoa-Rotkohl-mit-Datteln-und-Minze-2000x1333.jpg 2000w, https:\/\/foodtastic.at\/content\/uploads\/2014\/05\/1491-Quinoa-Rotkohl-mit-Datteln-und-Minze-1500x1000.jpg 1500w, https:\/\/foodtastic.at\/content\/uploads\/2014\/05\/1491-Quinoa-Rotkohl-mit-Datteln-und-Minze-500x333.jpg 500w\" sizes=\"(max-width: 1000px) 100vw, 1000px\" \/><\/a><\/p>\n<p>(c) KochABo \/Carina Hinterberger<\/p>\n<p><a href=\"https:\/\/78.46.122.165\/content\/uploads\/2014\/05\/Banana-Bread4.jpg\"><img loading=\"lazy\" decoding=\"async\" class=\"alignnone size-full wp-image-2447\" src=\"https:\/\/78.46.122.165\/content\/uploads\/2014\/05\/Banana-Bread4.jpg\" alt=\"Banana-Bread4\" width=\"662\" height=\"477\" srcset=\"https:\/\/foodtastic.at\/content\/uploads\/2014\/05\/Banana-Bread4-300x216.jpg 300w, https:\/\/foodtastic.at\/content\/uploads\/2014\/05\/Banana-Bread4-500x360.jpg 500w\" sizes=\"(max-width: 662px) 100vw, 662px\" \/><\/a><\/p>\n<p>(c) Foto \/ Eva Fischer<\/p>\n<p>&nbsp;<\/p>\n<p>Das <a href=\"https:\/\/www.veganblatt.com\/\">Vegan Blatt<\/a> hat unsere vegane Box schon vorab getestet. Den Erfahrungsbericht findest du <a href=\"https:\/\/www.veganblatt.com\/vegane-kochabo-box\">hier<\/a>.<\/p>\n<p>Hier noch weitere fantastische Rezepte, die es bei deli bluem gibt und die <a href=\"https:\/\/www.delibluem.com\/was_gibts\/zum_essen\">Beschreibung<\/a> dazu...<\/p>\n<p><a href=\"https:\/\/78.46.122.165\/content\/uploads\/2014\/05\/kochabo_deli_bluem_speisen_web-6.jpg\"><img loading=\"lazy\" decoding=\"async\" class=\"alignnone size-w1000 wp-image-2445\" src=\"https:\/\/78.46.122.165\/content\/uploads\/2014\/05\/kochabo_deli_bluem_speisen_web-6-1000x1000.jpg\" alt=\"kochabo_deli_bluem_speisen_web-6\" width=\"1000\" height=\"1000\" srcset=\"https:\/\/foodtastic.at\/content\/uploads\/2014\/05\/kochabo_deli_bluem_speisen_web-6-1000x1000.jpg 1000w, https:\/\/foodtastic.at\/content\/uploads\/2014\/05\/kochabo_deli_bluem_speisen_web-6-150x150.jpg 150w, https:\/\/foodtastic.at\/content\/uploads\/2014\/05\/kochabo_deli_bluem_speisen_web-6-300x300.jpg 300w, https:\/\/foodtastic.at\/content\/uploads\/2014\/05\/kochabo_deli_bluem_speisen_web-6-768x768.jpg 768w, https:\/\/foodtastic.at\/content\/uploads\/2014\/05\/kochabo_deli_bluem_speisen_web-6-1024x1024.jpg 1024w, https:\/\/foodtastic.at\/content\/uploads\/2014\/05\/kochabo_deli_bluem_speisen_web-6.jpg 1500w, https:\/\/foodtastic.at\/content\/uploads\/2014\/05\/kochabo_deli_bluem_speisen_web-6-500x500.jpg 500w, https:\/\/foodtastic.at\/content\/uploads\/2014\/05\/kochabo_deli_bluem_speisen_web-6-750x750.jpg 750w, https:\/\/foodtastic.at\/content\/uploads\/2014\/05\/kochabo_deli_bluem_speisen_web-6-250x250.jpg 250w\" sizes=\"(max-width: 1000px) 100vw, 1000px\" \/><\/a><\/p>\n<p><strong>melanzani mit safranjoghurt, granatapfel, pinienkernen und basilikum<\/strong><\/p>\n<p><a href=\"https:\/\/78.46.122.165\/content\/uploads\/2014\/05\/kochabo_deli_bluem_speisen_web-4.jpg\"><img loading=\"lazy\" decoding=\"async\" class=\"alignnone size-w1000 wp-image-2443\" src=\"https:\/\/78.46.122.165\/content\/uploads\/2014\/05\/kochabo_deli_bluem_speisen_web-4-1000x1000.jpg\" alt=\"kochabo_deli_bluem_speisen_web-4\" width=\"1000\" height=\"1000\" srcset=\"https:\/\/foodtastic.at\/content\/uploads\/2014\/05\/kochabo_deli_bluem_speisen_web-4-1000x1000.jpg 1000w, https:\/\/foodtastic.at\/content\/uploads\/2014\/05\/kochabo_deli_bluem_speisen_web-4-150x150.jpg 150w, https:\/\/foodtastic.at\/content\/uploads\/2014\/05\/kochabo_deli_bluem_speisen_web-4-300x300.jpg 300w, https:\/\/foodtastic.at\/content\/uploads\/2014\/05\/kochabo_deli_bluem_speisen_web-4-768x768.jpg 768w, https:\/\/foodtastic.at\/content\/uploads\/2014\/05\/kochabo_deli_bluem_speisen_web-4-1024x1024.jpg 1024w, https:\/\/foodtastic.at\/content\/uploads\/2014\/05\/kochabo_deli_bluem_speisen_web-4.jpg 1500w, https:\/\/foodtastic.at\/content\/uploads\/2014\/05\/kochabo_deli_bluem_speisen_web-4-500x500.jpg 500w, https:\/\/foodtastic.at\/content\/uploads\/2014\/05\/kochabo_deli_bluem_speisen_web-4-750x750.jpg 750w, https:\/\/foodtastic.at\/content\/uploads\/2014\/05\/kochabo_deli_bluem_speisen_web-4-250x250.jpg 250w\" sizes=\"(max-width: 1000px) 100vw, 1000px\" \/><\/a><\/p>\n<p><strong>gegrillter spargel mit chili, knoblauch und ger\u00f6stetem sesam<\/strong><\/p>\n<p><a href=\"https:\/\/78.46.122.165\/content\/uploads\/2014\/05\/kochabo_deli_bluem_speisen_web-3.jpg\"><img loading=\"lazy\" decoding=\"async\" class=\"alignnone size-w1000 wp-image-2442\" src=\"https:\/\/78.46.122.165\/content\/uploads\/2014\/05\/kochabo_deli_bluem_speisen_web-3-1000x1000.jpg\" alt=\"kochabo_deli_bluem_speisen_web-3\" width=\"1000\" height=\"1000\" srcset=\"https:\/\/foodtastic.at\/content\/uploads\/2014\/05\/kochabo_deli_bluem_speisen_web-3-1000x1000.jpg 1000w, https:\/\/foodtastic.at\/content\/uploads\/2014\/05\/kochabo_deli_bluem_speisen_web-3-150x150.jpg 150w, https:\/\/foodtastic.at\/content\/uploads\/2014\/05\/kochabo_deli_bluem_speisen_web-3-300x300.jpg 300w, https:\/\/foodtastic.at\/content\/uploads\/2014\/05\/kochabo_deli_bluem_speisen_web-3-768x768.jpg 768w, https:\/\/foodtastic.at\/content\/uploads\/2014\/05\/kochabo_deli_bluem_speisen_web-3-1024x1024.jpg 1024w, https:\/\/foodtastic.at\/content\/uploads\/2014\/05\/kochabo_deli_bluem_speisen_web-3.jpg 1500w, https:\/\/foodtastic.at\/content\/uploads\/2014\/05\/kochabo_deli_bluem_speisen_web-3-500x500.jpg 500w, https:\/\/foodtastic.at\/content\/uploads\/2014\/05\/kochabo_deli_bluem_speisen_web-3-750x750.jpg 750w, https:\/\/foodtastic.at\/content\/uploads\/2014\/05\/kochabo_deli_bluem_speisen_web-3-250x250.jpg 250w\" sizes=\"(max-width: 1000px) 100vw, 1000px\" \/><\/a><\/p>\n<p><strong>fenchel orangen salat mit rucola und ger\u00f6steten haseln\u00fcssen<\/strong><\/p>\n<p><a href=\"https:\/\/78.46.122.165\/content\/uploads\/2014\/05\/kochabo_deli_bluem_speisen_web-2.jpg\"><img loading=\"lazy\" decoding=\"async\" class=\"alignnone size-w1000 wp-image-2441\" src=\"https:\/\/78.46.122.165\/content\/uploads\/2014\/05\/kochabo_deli_bluem_speisen_web-2-1000x1000.jpg\" alt=\"kochabo_deli_bluem_speisen_web-2\" width=\"1000\" height=\"1000\" srcset=\"https:\/\/foodtastic.at\/content\/uploads\/2014\/05\/kochabo_deli_bluem_speisen_web-2-1000x1000.jpg 1000w, https:\/\/foodtastic.at\/content\/uploads\/2014\/05\/kochabo_deli_bluem_speisen_web-2-150x150.jpg 150w, https:\/\/foodtastic.at\/content\/uploads\/2014\/05\/kochabo_deli_bluem_speisen_web-2-300x300.jpg 300w, https:\/\/foodtastic.at\/content\/uploads\/2014\/05\/kochabo_deli_bluem_speisen_web-2-768x768.jpg 768w, https:\/\/foodtastic.at\/content\/uploads\/2014\/05\/kochabo_deli_bluem_speisen_web-2-1024x1024.jpg 1024w, https:\/\/foodtastic.at\/content\/uploads\/2014\/05\/kochabo_deli_bluem_speisen_web-2.jpg 1500w, https:\/\/foodtastic.at\/content\/uploads\/2014\/05\/kochabo_deli_bluem_speisen_web-2-500x500.jpg 500w, https:\/\/foodtastic.at\/content\/uploads\/2014\/05\/kochabo_deli_bluem_speisen_web-2-750x750.jpg 750w, https:\/\/foodtastic.at\/content\/uploads\/2014\/05\/kochabo_deli_bluem_speisen_web-2-250x250.jpg 250w\" sizes=\"(max-width: 1000px) 100vw, 1000px\" \/><\/a><\/p>\n<p><strong>rote linsen und hirse mit apfel, spinat &amp; radicchio<\/strong><\/p>\n<p><a href=\"https:\/\/78.46.122.165\/content\/uploads\/2014\/05\/kochabo_deli_bluem_speisen_web-1.jpg\"><img loading=\"lazy\" decoding=\"async\" class=\"alignnone size-w1000 wp-image-2440\" src=\"https:\/\/78.46.122.165\/content\/uploads\/2014\/05\/kochabo_deli_bluem_speisen_web-1-1000x1000.jpg\" alt=\"kochabo_deli_bluem_speisen_web-1\" width=\"1000\" height=\"1000\" srcset=\"https:\/\/foodtastic.at\/content\/uploads\/2014\/05\/kochabo_deli_bluem_speisen_web-1-1000x1000.jpg 1000w, https:\/\/foodtastic.at\/content\/uploads\/2014\/05\/kochabo_deli_bluem_speisen_web-1-150x150.jpg 150w, https:\/\/foodtastic.at\/content\/uploads\/2014\/05\/kochabo_deli_bluem_speisen_web-1-300x300.jpg 300w, https:\/\/foodtastic.at\/content\/uploads\/2014\/05\/kochabo_deli_bluem_speisen_web-1-768x768.jpg 768w, https:\/\/foodtastic.at\/content\/uploads\/2014\/05\/kochabo_deli_bluem_speisen_web-1-1024x1024.jpg 1024w, https:\/\/foodtastic.at\/content\/uploads\/2014\/05\/kochabo_deli_bluem_speisen_web-1.jpg 1500w, https:\/\/foodtastic.at\/content\/uploads\/2014\/05\/kochabo_deli_bluem_speisen_web-1-500x500.jpg 500w, https:\/\/foodtastic.at\/content\/uploads\/2014\/05\/kochabo_deli_bluem_speisen_web-1-750x750.jpg 750w, https:\/\/foodtastic.at\/content\/uploads\/2014\/05\/kochabo_deli_bluem_speisen_web-1-250x250.jpg 250w\" sizes=\"(max-width: 1000px) 100vw, 1000px\" \/><\/a><\/p>\n<p>(c) Fotos\/ Eva Fischer<\/p>\n<p><strong>ofenerd\u00e4pfel mit rosmarin und salbei<\/strong><\/p>\n<h2>Hier noch ein paar making-of Fotos:<\/h2>\n<p><a href=\"https:\/\/78.46.122.165\/content\/uploads\/2014\/05\/Deli-bluem1.jpg\"><img loading=\"lazy\" decoding=\"async\" class=\"alignnone size-w1000 wp-image-2463\" src=\"https:\/\/78.46.122.165\/content\/uploads\/2014\/05\/Deli-bluem1-1000x861.jpg\" alt=\"Deli-bluem1\" width=\"1000\" height=\"861\" srcset=\"https:\/\/foodtastic.at\/content\/uploads\/2014\/05\/Deli-bluem1-1000x861.jpg 1000w, https:\/\/foodtastic.at\/content\/uploads\/2014\/05\/Deli-bluem1-300x258.jpg 300w, https:\/\/foodtastic.at\/content\/uploads\/2014\/05\/Deli-bluem1-768x661.jpg 768w, https:\/\/foodtastic.at\/content\/uploads\/2014\/05\/Deli-bluem1-1024x882.jpg 1024w, https:\/\/foodtastic.at\/content\/uploads\/2014\/05\/Deli-bluem1-2000x1722.jpg 2000w, https:\/\/foodtastic.at\/content\/uploads\/2014\/05\/Deli-bluem1-1500x1292.jpg 1500w, https:\/\/foodtastic.at\/content\/uploads\/2014\/05\/Deli-bluem1-500x431.jpg 500w\" sizes=\"(max-width: 1000px) 100vw, 1000px\" \/><\/a><\/p>\n<p><a href=\"https:\/\/78.46.122.165\/content\/uploads\/2014\/05\/Deli-bluem.jpg\"><img loading=\"lazy\" decoding=\"async\" class=\"alignnone size-w1000 wp-image-2464\" src=\"https:\/\/78.46.122.165\/content\/uploads\/2014\/05\/Deli-bluem-1000x667.jpg\" alt=\"Deli-bluem\" width=\"1000\" height=\"667\" srcset=\"https:\/\/foodtastic.at\/content\/uploads\/2014\/05\/Deli-bluem-1000x667.jpg 1000w, https:\/\/foodtastic.at\/content\/uploads\/2014\/05\/Deli-bluem-300x200.jpg 300w, https:\/\/foodtastic.at\/content\/uploads\/2014\/05\/Deli-bluem-768x512.jpg 768w, https:\/\/foodtastic.at\/content\/uploads\/2014\/05\/Deli-bluem-1024x683.jpg 1024w, https:\/\/foodtastic.at\/content\/uploads\/2014\/05\/Deli-bluem-2000x1333.jpg 2000w, https:\/\/foodtastic.at\/content\/uploads\/2014\/05\/Deli-bluem-1500x1000.jpg 1500w, https:\/\/foodtastic.at\/content\/uploads\/2014\/05\/Deli-bluem-500x333.jpg 500w\" sizes=\"(max-width: 1000px) 100vw, 1000px\" \/><\/a><\/p>\n<p><a href=\"https:\/\/78.46.122.165\/content\/uploads\/2014\/05\/Deli-bluem2.jpg\"><img loading=\"lazy\" decoding=\"async\" class=\"alignnone size-w1000 wp-image-2462\" src=\"https:\/\/78.46.122.165\/content\/uploads\/2014\/05\/Deli-bluem2-1000x667.jpg\" alt=\"Deli-bluem2\" width=\"1000\" height=\"667\" srcset=\"https:\/\/foodtastic.at\/content\/uploads\/2014\/05\/Deli-bluem2-1000x667.jpg 1000w, https:\/\/foodtastic.at\/content\/uploads\/2014\/05\/Deli-bluem2-300x200.jpg 300w, https:\/\/foodtastic.at\/content\/uploads\/2014\/05\/Deli-bluem2-768x512.jpg 768w, https:\/\/foodtastic.at\/content\/uploads\/2014\/05\/Deli-bluem2-1024x683.jpg 1024w, https:\/\/foodtastic.at\/content\/uploads\/2014\/05\/Deli-bluem2-2000x1333.jpg 2000w, https:\/\/foodtastic.at\/content\/uploads\/2014\/05\/Deli-bluem2-1500x1000.jpg 1500w, https:\/\/foodtastic.at\/content\/uploads\/2014\/05\/Deli-bluem2-500x333.jpg 500w\" sizes=\"(max-width: 1000px) 100vw, 1000px\" \/><\/a><\/p>\n<p><a href=\"https:\/\/78.46.122.165\/content\/uploads\/2014\/05\/Deli-bluem3.jpg\"><img loading=\"lazy\" decoding=\"async\" class=\"alignnone size-w1000 wp-image-2461\" src=\"https:\/\/78.46.122.165\/content\/uploads\/2014\/05\/Deli-bluem3-1000x624.jpg\" alt=\"Deli-bluem3\" width=\"1000\" height=\"624\" srcset=\"https:\/\/foodtastic.at\/content\/uploads\/2014\/05\/Deli-bluem3-1000x624.jpg 1000w, https:\/\/foodtastic.at\/content\/uploads\/2014\/05\/Deli-bluem3-300x187.jpg 300w, https:\/\/foodtastic.at\/content\/uploads\/2014\/05\/Deli-bluem3-768x479.jpg 768w, https:\/\/foodtastic.at\/content\/uploads\/2014\/05\/Deli-bluem3-1024x639.jpg 1024w, https:\/\/foodtastic.at\/content\/uploads\/2014\/05\/Deli-bluem3-2000x1248.jpg 2000w, https:\/\/foodtastic.at\/content\/uploads\/2014\/05\/Deli-bluem3-1500x936.jpg 1500w, https:\/\/foodtastic.at\/content\/uploads\/2014\/05\/Deli-bluem3-500x312.jpg 500w\" sizes=\"(max-width: 1000px) 100vw, 1000px\" \/><\/a><\/p>\n<p><a href=\"https:\/\/78.46.122.165\/content\/uploads\/2014\/05\/Deli-bluem4.jpg\"><img loading=\"lazy\" decoding=\"async\" class=\"alignnone size-w1000 wp-image-2460\" src=\"https:\/\/78.46.122.165\/content\/uploads\/2014\/05\/Deli-bluem4-1000x667.jpg\" alt=\"Deli-bluem4\" width=\"1000\" height=\"667\" srcset=\"https:\/\/foodtastic.at\/content\/uploads\/2014\/05\/Deli-bluem4-1000x667.jpg 1000w, https:\/\/foodtastic.at\/content\/uploads\/2014\/05\/Deli-bluem4-300x200.jpg 300w, https:\/\/foodtastic.at\/content\/uploads\/2014\/05\/Deli-bluem4-768x512.jpg 768w, https:\/\/foodtastic.at\/content\/uploads\/2014\/05\/Deli-bluem4-1024x683.jpg 1024w, https:\/\/foodtastic.at\/content\/uploads\/2014\/05\/Deli-bluem4-2000x1333.jpg 2000w, https:\/\/foodtastic.at\/content\/uploads\/2014\/05\/Deli-bluem4-1500x1000.jpg 1500w, https:\/\/foodtastic.at\/content\/uploads\/2014\/05\/Deli-bluem4-500x333.jpg 500w\" sizes=\"(max-width: 1000px) 100vw, 1000px\" \/><\/a><\/p>\n<p><a href=\"https:\/\/78.46.122.165\/content\/uploads\/2014\/05\/Deli-bluem5.jpg\"><img loading=\"lazy\" decoding=\"async\" class=\"alignnone size-w1000 wp-image-2459\" src=\"https:\/\/78.46.122.165\/content\/uploads\/2014\/05\/Deli-bluem5-1000x581.jpg\" alt=\"Deli-bluem5\" width=\"1000\" height=\"581\" srcset=\"https:\/\/foodtastic.at\/content\/uploads\/2014\/05\/Deli-bluem5-1000x581.jpg 1000w, https:\/\/foodtastic.at\/content\/uploads\/2014\/05\/Deli-bluem5-300x174.jpg 300w, https:\/\/foodtastic.at\/content\/uploads\/2014\/05\/Deli-bluem5-768x446.jpg 768w, https:\/\/foodtastic.at\/content\/uploads\/2014\/05\/Deli-bluem5-1024x595.jpg 1024w, https:\/\/foodtastic.at\/content\/uploads\/2014\/05\/Deli-bluem5-2000x1162.jpg 2000w, https:\/\/foodtastic.at\/content\/uploads\/2014\/05\/Deli-bluem5-1500x872.jpg 1500w, https:\/\/foodtastic.at\/content\/uploads\/2014\/05\/Deli-bluem5-500x291.jpg 500w\" sizes=\"(max-width: 1000px) 100vw, 1000px\" \/><\/a><\/p>\n<p>(c) Fotos \/ Michael Knoll &amp; Katja Hebenstreit<\/p>\n<p><img loading=\"lazy\" decoding=\"async\" src=\"https:\/\/78.46.122.165\/content\/uploads\/2013\/12\/its-foodtastic.jpg\" alt=\"its-foodtastic\" width=\"145\" height=\"33\" \/><\/p>\n","protected":false},"excerpt":{"rendered":"<p>As many of you know, my blog is my private and\u00a0KochAbo\u00a0my business realm of activity. There, I create 6 new recipes every week and road test them. \u00a0Recently,\u00a0I had the pleasure of cooking lots of vegan dishes with Andrea, the owner of a new vegan hotspot in Vienna called\u00a0deli bluem. So KochAbo will feature vegan recipes for two whole weeks, all powered by deli bluem. More info and three great vegan recipes are coming up&#8230;<\/p>\n","protected":false},"author":2,"featured_media":11674,"comment_status":"open","ping_status":"open","sticky":false,"template":"","format":"standard","meta":{"footnotes":""},"categories":[748,754],"tags":[1224,939,768,1225,1226,836],"ingredient":[],"class_list":["post-11291","post","type-post","status-publish","format-standard","has-post-thumbnail","hentry","category-events-en","category-recipes","tag-camargue-reis-en","tag-kochabo-en","tag-vegan-en","tag-vegane-rezepte-en","tag-veganes-bananenbrot-en","tag-vegetarisch-en"],"yoast_head":"<!-- This site is optimized with the Yoast SEO plugin v25.3.1 - https:\/\/yoast.com\/wordpress\/plugins\/seo\/ -->\n<title>Vegan Weeks with KochAbo &amp; my Favourite Recipes - Foodtastic<\/title>\n<meta name=\"description\" content=\"Vegane Wochen bei KochAbo in den Kalenderwochen 22 &amp; 23.\" \/>\n<meta name=\"robots\" content=\"index, follow, max-snippet:-1, max-image-preview:large, max-video-preview:-1\" \/>\n<link rel=\"canonical\" href=\"https:\/\/www.foodtastic.at\/en\/2014\/05\/16\/vegane-wochen-bei-kochabo-meine-rezeptfavoriten\/\" \/>\n<meta property=\"og:locale\" content=\"en_US\" \/>\n<meta property=\"og:type\" content=\"article\" \/>\n<meta property=\"og:title\" content=\"Vegan Weeks with KochAbo &amp; my Favourite Recipes - Foodtastic\" \/>\n<meta property=\"og:description\" content=\"Wie viele von euch sicherlich schon wissen, ist mein Blog mein privates und KochAbo mein gesch\u00e4ftliches Spielfeld. Dort kreiere ich w\u00f6chentlich 6 neue Rezepte und koche diese zur Probe. Letztlich hatte ich das Vergn\u00fcgen, vegane Gerichte mit Andrea, der Inhaberin des neuen veganen Hotspots deli bluem in Wien zu kochen. Denn bei KochAbo wird es nun zwei Wochen lang vegane Rezepte geben, powered bei deli bluem.\" \/>\n<meta property=\"og:url\" content=\"https:\/\/www.foodtastic.at\/en\/2014\/05\/16\/vegane-wochen-bei-kochabo-meine-rezeptfavoriten\/\" \/>\n<meta property=\"og:site_name\" content=\"Foodtastic\" \/>\n<meta property=\"article:published_time\" content=\"2014-05-16T12:00:08+00:00\" \/>\n<meta property=\"article:modified_time\" content=\"2016-02-21T17:50:03+00:00\" \/>\n<meta property=\"og:image\" content=\"https:\/\/78.46.122.165\/content\/uploads\/2014\/05\/kochabo_deli_bluem_speisen_web-7.jpg\" \/>\n<meta name=\"author\" content=\"Eva Fischer\" \/>\n<meta name=\"twitter:label1\" content=\"Written by\" \/>\n\t<meta name=\"twitter:data1\" content=\"Eva Fischer\" \/>\n\t<meta name=\"twitter:label2\" content=\"Est. reading time\" \/>\n\t<meta name=\"twitter:data2\" content=\"2 minutes\" \/>\n<script type=\"application\/ld+json\" class=\"yoast-schema-graph\">{\"@context\":\"https:\/\/schema.org\",\"@graph\":[{\"@type\":\"WebPage\",\"@id\":\"https:\/\/www.foodtastic.at\/en\/2014\/05\/16\/vegane-wochen-bei-kochabo-meine-rezeptfavoriten\/\",\"url\":\"https:\/\/www.foodtastic.at\/en\/2014\/05\/16\/vegane-wochen-bei-kochabo-meine-rezeptfavoriten\/\",\"name\":\"Vegan Weeks with KochAbo & my Favourite Recipes - Foodtastic\",\"isPartOf\":{\"@id\":\"https:\/\/foodtastic.at\/#website\"},\"primaryImageOfPage\":{\"@id\":\"https:\/\/www.foodtastic.at\/en\/2014\/05\/16\/vegane-wochen-bei-kochabo-meine-rezeptfavoriten\/#primaryimage\"},\"image\":{\"@id\":\"https:\/\/www.foodtastic.at\/en\/2014\/05\/16\/vegane-wochen-bei-kochabo-meine-rezeptfavoriten\/#primaryimage\"},\"thumbnailUrl\":\"https:\/\/foodtastic.at\/content\/uploads\/2014\/05\/Deli-bluem_titelbild-662x88318.jpg\",\"datePublished\":\"2014-05-16T12:00:08+00:00\",\"dateModified\":\"2016-02-21T17:50:03+00:00\",\"author\":{\"@id\":\"https:\/\/foodtastic.at\/#\/schema\/person\/236cc6fc2715dd91e8a168f03acd8f2e\"},\"description\":\"Vegane Wochen bei KochAbo in den Kalenderwochen 22 & 23.\",\"breadcrumb\":{\"@id\":\"https:\/\/www.foodtastic.at\/en\/2014\/05\/16\/vegane-wochen-bei-kochabo-meine-rezeptfavoriten\/#breadcrumb\"},\"inLanguage\":\"en-US\",\"potentialAction\":[{\"@type\":\"ReadAction\",\"target\":[\"https:\/\/www.foodtastic.at\/en\/2014\/05\/16\/vegane-wochen-bei-kochabo-meine-rezeptfavoriten\/\"]}]},{\"@type\":\"ImageObject\",\"inLanguage\":\"en-US\",\"@id\":\"https:\/\/www.foodtastic.at\/en\/2014\/05\/16\/vegane-wochen-bei-kochabo-meine-rezeptfavoriten\/#primaryimage\",\"url\":\"https:\/\/foodtastic.at\/content\/uploads\/2014\/05\/Deli-bluem_titelbild-662x88318.jpg\",\"contentUrl\":\"https:\/\/foodtastic.at\/content\/uploads\/2014\/05\/Deli-bluem_titelbild-662x88318.jpg\",\"width\":662,\"height\":883},{\"@type\":\"BreadcrumbList\",\"@id\":\"https:\/\/www.foodtastic.at\/en\/2014\/05\/16\/vegane-wochen-bei-kochabo-meine-rezeptfavoriten\/#breadcrumb\",\"itemListElement\":[{\"@type\":\"ListItem\",\"position\":1,\"name\":\"Home\",\"item\":\"https:\/\/www.foodtastic.at\/en\/\"},{\"@type\":\"ListItem\",\"position\":2,\"name\":\"Vegan Weeks with KochAbo &#038; my Favourite Recipes\"}]},{\"@type\":\"WebSite\",\"@id\":\"https:\/\/foodtastic.at\/#website\",\"url\":\"https:\/\/foodtastic.at\/\",\"name\":\"Foodtastic\",\"description\":\"Foodtastic\",\"potentialAction\":[{\"@type\":\"SearchAction\",\"target\":{\"@type\":\"EntryPoint\",\"urlTemplate\":\"https:\/\/foodtastic.at\/?s={search_term_string}\"},\"query-input\":{\"@type\":\"PropertyValueSpecification\",\"valueRequired\":true,\"valueName\":\"search_term_string\"}}],\"inLanguage\":\"en-US\"},{\"@type\":\"Person\",\"@id\":\"https:\/\/foodtastic.at\/#\/schema\/person\/236cc6fc2715dd91e8a168f03acd8f2e\",\"name\":\"Eva Fischer\",\"image\":{\"@type\":\"ImageObject\",\"inLanguage\":\"en-US\",\"@id\":\"https:\/\/foodtastic.at\/#\/schema\/person\/image\/\",\"url\":\"https:\/\/secure.gravatar.com\/avatar\/4ca2586764ed355e8db767a3d352a088?s=96&d=mm&r=g\",\"contentUrl\":\"https:\/\/secure.gravatar.com\/avatar\/4ca2586764ed355e8db767a3d352a088?s=96&d=mm&r=g\",\"caption\":\"Eva Fischer\"},\"sameAs\":[\"https:\/\/78.46.122.165\"],\"url\":\"https:\/\/foodtastic.at\/en\/author\/eva\/\"}]}<\/script>\n<!-- \/ Yoast SEO plugin. -->","yoast_head_json":{"title":"Vegan Weeks with KochAbo & my Favourite Recipes - Foodtastic","description":"Vegane Wochen bei KochAbo in den Kalenderwochen 22 & 23.","robots":{"index":"index","follow":"follow","max-snippet":"max-snippet:-1","max-image-preview":"max-image-preview:large","max-video-preview":"max-video-preview:-1"},"canonical":"https:\/\/www.foodtastic.at\/en\/2014\/05\/16\/vegane-wochen-bei-kochabo-meine-rezeptfavoriten\/","og_locale":"en_US","og_type":"article","og_title":"Vegan Weeks with KochAbo & my Favourite Recipes - Foodtastic","og_description":"Wie viele von euch sicherlich schon wissen, ist mein Blog mein privates und KochAbo mein gesch\u00e4ftliches Spielfeld. Dort kreiere ich w\u00f6chentlich 6 neue Rezepte und koche diese zur Probe. Letztlich hatte ich das Vergn\u00fcgen, vegane Gerichte mit Andrea, der Inhaberin des neuen veganen Hotspots deli bluem in Wien zu kochen. Denn bei KochAbo wird es nun zwei Wochen lang vegane Rezepte geben, powered bei deli bluem.","og_url":"https:\/\/www.foodtastic.at\/en\/2014\/05\/16\/vegane-wochen-bei-kochabo-meine-rezeptfavoriten\/","og_site_name":"Foodtastic","article_published_time":"2014-05-16T12:00:08+00:00","article_modified_time":"2016-02-21T17:50:03+00:00","og_image":[{"url":"https:\/\/78.46.122.165\/content\/uploads\/2014\/05\/kochabo_deli_bluem_speisen_web-7.jpg","type":"","width":"","height":""}],"author":"Eva Fischer","twitter_misc":{"Written by":"Eva Fischer","Est. reading time":"2 minutes"},"schema":{"@context":"https:\/\/schema.org","@graph":[{"@type":"WebPage","@id":"https:\/\/www.foodtastic.at\/en\/2014\/05\/16\/vegane-wochen-bei-kochabo-meine-rezeptfavoriten\/","url":"https:\/\/www.foodtastic.at\/en\/2014\/05\/16\/vegane-wochen-bei-kochabo-meine-rezeptfavoriten\/","name":"Vegan Weeks with KochAbo & my Favourite Recipes - Foodtastic","isPartOf":{"@id":"https:\/\/foodtastic.at\/#website"},"primaryImageOfPage":{"@id":"https:\/\/www.foodtastic.at\/en\/2014\/05\/16\/vegane-wochen-bei-kochabo-meine-rezeptfavoriten\/#primaryimage"},"image":{"@id":"https:\/\/www.foodtastic.at\/en\/2014\/05\/16\/vegane-wochen-bei-kochabo-meine-rezeptfavoriten\/#primaryimage"},"thumbnailUrl":"https:\/\/foodtastic.at\/content\/uploads\/2014\/05\/Deli-bluem_titelbild-662x88318.jpg","datePublished":"2014-05-16T12:00:08+00:00","dateModified":"2016-02-21T17:50:03+00:00","author":{"@id":"https:\/\/foodtastic.at\/#\/schema\/person\/236cc6fc2715dd91e8a168f03acd8f2e"},"description":"Vegane Wochen bei KochAbo in den Kalenderwochen 22 & 23.","breadcrumb":{"@id":"https:\/\/www.foodtastic.at\/en\/2014\/05\/16\/vegane-wochen-bei-kochabo-meine-rezeptfavoriten\/#breadcrumb"},"inLanguage":"en-US","potentialAction":[{"@type":"ReadAction","target":["https:\/\/www.foodtastic.at\/en\/2014\/05\/16\/vegane-wochen-bei-kochabo-meine-rezeptfavoriten\/"]}]},{"@type":"ImageObject","inLanguage":"en-US","@id":"https:\/\/www.foodtastic.at\/en\/2014\/05\/16\/vegane-wochen-bei-kochabo-meine-rezeptfavoriten\/#primaryimage","url":"https:\/\/foodtastic.at\/content\/uploads\/2014\/05\/Deli-bluem_titelbild-662x88318.jpg","contentUrl":"https:\/\/foodtastic.at\/content\/uploads\/2014\/05\/Deli-bluem_titelbild-662x88318.jpg","width":662,"height":883},{"@type":"BreadcrumbList","@id":"https:\/\/www.foodtastic.at\/en\/2014\/05\/16\/vegane-wochen-bei-kochabo-meine-rezeptfavoriten\/#breadcrumb","itemListElement":[{"@type":"ListItem","position":1,"name":"Home","item":"https:\/\/www.foodtastic.at\/en\/"},{"@type":"ListItem","position":2,"name":"Vegan Weeks with KochAbo &#038; my Favourite Recipes"}]},{"@type":"WebSite","@id":"https:\/\/foodtastic.at\/#website","url":"https:\/\/foodtastic.at\/","name":"Foodtastic","description":"Foodtastic","potentialAction":[{"@type":"SearchAction","target":{"@type":"EntryPoint","urlTemplate":"https:\/\/foodtastic.at\/?s={search_term_string}"},"query-input":{"@type":"PropertyValueSpecification","valueRequired":true,"valueName":"search_term_string"}}],"inLanguage":"en-US"},{"@type":"Person","@id":"https:\/\/foodtastic.at\/#\/schema\/person\/236cc6fc2715dd91e8a168f03acd8f2e","name":"Eva Fischer","image":{"@type":"ImageObject","inLanguage":"en-US","@id":"https:\/\/foodtastic.at\/#\/schema\/person\/image\/","url":"https:\/\/secure.gravatar.com\/avatar\/4ca2586764ed355e8db767a3d352a088?s=96&d=mm&r=g","contentUrl":"https:\/\/secure.gravatar.com\/avatar\/4ca2586764ed355e8db767a3d352a088?s=96&d=mm&r=g","caption":"Eva Fischer"},"sameAs":["https:\/\/78.46.122.165"],"url":"https:\/\/foodtastic.at\/en\/author\/eva\/"}]}},"_links":{"self":[{"href":"https:\/\/foodtastic.at\/en\/wp-json\/wp\/v2\/posts\/11291"}],"collection":[{"href":"https:\/\/foodtastic.at\/en\/wp-json\/wp\/v2\/posts"}],"about":[{"href":"https:\/\/foodtastic.at\/en\/wp-json\/wp\/v2\/types\/post"}],"author":[{"embeddable":true,"href":"https:\/\/foodtastic.at\/en\/wp-json\/wp\/v2\/users\/2"}],"replies":[{"embeddable":true,"href":"https:\/\/foodtastic.at\/en\/wp-json\/wp\/v2\/comments?post=11291"}],"version-history":[{"count":0,"href":"https:\/\/foodtastic.at\/en\/wp-json\/wp\/v2\/posts\/11291\/revisions"}],"wp:featuredmedia":[{"embeddable":true,"href":"https:\/\/foodtastic.at\/en\/wp-json\/wp\/v2\/media\/11674"}],"wp:attachment":[{"href":"https:\/\/foodtastic.at\/en\/wp-json\/wp\/v2\/media?parent=11291"}],"wp:term":[{"taxonomy":"category","embeddable":true,"href":"https:\/\/foodtastic.at\/en\/wp-json\/wp\/v2\/categories?post=11291"},{"taxonomy":"post_tag","embeddable":true,"href":"https:\/\/foodtastic.at\/en\/wp-json\/wp\/v2\/tags?post=11291"},{"taxonomy":"ingredient","embeddable":true,"href":"https:\/\/foodtastic.at\/en\/wp-json\/wp\/v2\/ingredient?post=11291"}],"curies":[{"name":"wp","href":"https:\/\/api.w.org\/{rel}","templated":true}]}}