{"id":8439,"date":"2014-09-04T00:23:41","date_gmt":"2014-09-03T23:23:41","guid":{"rendered":"http:\/\/78.46.122.165\/2014\/09\/04\/50-mal-reinanke-fur-die-feldkuche-im-mak\/?lang=en"},"modified":"2016-01-02T16:26:56","modified_gmt":"2016-01-02T15:26:56","slug":"50-mal-reinanke-fur-die-feldkuche-im-mak","status":"publish","type":"post","link":"https:\/\/foodtastic.at\/en\/2014\/09\/04\/50-mal-reinanke-fur-die-feldkuche-im-mak\/","title":{"rendered":"50 x Fish for MAK&#8217;s Feldk\u00fcche"},"content":{"rendered":"<p>Holidays at home, 2 days of sunshine and one phone call: I was just settling in on my balcony, snuggling into a deckchair with my newly bought cookbook \"Honestly Healthy: Eat with your Body in Mind, the Alkaline Way\", when I received a phone call from\u00a0<a href=\"https:\/\/feldkueche.squarespace.com\/waldtour2014\/\">Feldk\u00fcche<\/a>'s Martin Fetz inquiring, in his\u00a0charming dialect, whether I had plans for August 31st. I thought about it for a second, said no, and a moment\u00a0later, I was assigned cheffing\u00a0duty. But the plan\u00a0wasn't just a leasurely afternoon with a bit of cooking, but instead a huge task of preparing a meal\u00a0for 50 people\u00a0-\u00a0a main course of fish with\u00a0all the bells and whistles...<!--more-->Until then, I'd\u00a0only\u00a0been a guest at Feldk\u00fcche and Betonk\u00fcche events, enjoying the sensational food their chefs produced. And I may cook a lot on a regular basis, but not for that many people all at once. My hungry guest max so far had been 10 people at the most. I briefly felt a bit overwhelmed, but of course incredibly honoured to be invited to be a guest chef at the\u00a0Feldk\u00fcche with 50 guests, even more so because I got assigned the main course. Of course this being me, a gluten-free side dish had to go on the menu. Martin thought so too. And because it was the beginning of\u00a0autumn and I really like beetroot, I immediately thought of my beetroot risotto. Most people will have made or eaten risotto at one point, but millet is a bit of an outsider in the grain world. It's also gluten-free. So I set out to produce my first millet risotto and the result was pretty impressive, if I may say so myself! It was topped with caramelised apples and some goat's cheese from the Waldviertel region I had bought at the Naschmarkt food market's <em>K\u00e4seland <\/em>stall. The cheese, I was told, was made by a Frenchman residing in the Waldviertel and after further investigation, this French cheese maker turned out to be\u00a0<a href=\"https:\/\/www.bufala-connection.at\/\">Monsieur Robert Paget<\/a>\u00a0from Diendorf am Kamp. The line-caught Coregonus fish hailed from\u00a0Hallstadt.<a href=\"https:\/\/78.46.122.165\/content\/uploads\/2014\/09\/Feldk\u00fcche-MAK171.jpg\"><img loading=\"lazy\" decoding=\"async\" class=\"alignnone size-large wp-image-3255\" src=\"https:\/\/78.46.122.165\/content\/uploads\/2014\/09\/Feldk\u00fcche-MAK171-662x662.jpg\" alt=\"Feldk\u00fcche-MAK17\" width=\"662\" height=\"662\" \/><\/a><\/p>\n<p>I spent the entire night before the event filleting and deboning 50 pieces of fish. That was a new one for me - and even surprisingly meditative, even if I could think of a few other things I'd rather have done on a Saturday evening. Of course I read up on my ingredients\u00a0some more as well - I did have to present\u00a0the dish competently. My research yielded the following information: the Coregonus belongs to the salmon family and lives at depths of up to 50 metres in mountain lakes like the Millst\u00e4tter See, the Bodensee and the Hallst\u00e4tter See in Upper Austria's Salzkammergut region, which is where our fish came from. The white meat of this fish is particularly fine-textured and therefore has to be prepared and cooked\u00a0gently. The Coregonus is low on calories but turns dry very quickly, so it's best to steam or cook it\u00a0in one piece, and that's how I prepared it\u00a0for the\u00a0Feldk\u00fcche event. One of the most popular ways of cooking\u00a0this fish is \u00e0 la meuni\u00e8re or \"like a miller's wife\", whereby the fish is dunked in some salted milk, dredged in flour and then fried in butter until golden. It is served drizzled with lemon juice and brown butter and topped with chopped parsley.<br \/>\nThe Feldk\u00fcche\u00a0was originally supposed to take place at the beautiful\u00a0<a href=\"https:\/\/www.mak.at\/das_mak\/standorte\/expositur\/mak-expositur_geymuellerschloessel?j-dummy=reserve\">MAK-Expositur Geym\u00fcllerschl\u00f6ssel<\/a>\u00a0in Vienna's 18th district, but since the spring of 2012, the MAK DESIGN SALON resides\u00a0at this particular location, featuring contemporary design. This particular event was somewhat of a one-off, with invitations going out to\u00a0friends and acquaintances of Feldk\u00fcche founders Matthias Felsner and Martin Flatz to cook for special guests.\u00a0Each one of us was assigned one or more of the six courses. ORF Vienna's marketing director and passionate cook Silke Sztatecsny got two - an entree and the dessert. Her menu consisted of a delicious porcini tarte with parsnip mash and fennel flower as well as blueberry and sour cream ice cream (bought at\u00a0<a href=\"https:\/\/www.eis-greissler.at\/index.php\">Eis Greissler)<\/a>\u00a0with homemade Madeleines. The lovely Alexandra served her dishes on her own\u00a0<a href=\"https:\/\/roughcutshop.tictail.com\/\">Roughcutboards<\/a>\u00a0- \u00a0a Brettljausn (charcuterie board) with black pudding, chicken liver terrine, liver p\u00e2t\u00e9, fresh cheese crackers and a homemade chutney followed by some fantastic cheese, also served on her Roughcutboards. \u00a0 \u00a0 \u00a0 \u00a0 \u00a0 \u00a0 \u00a0 \u00a0 \u00a0 \u00a0 \u00a0<a href=\"https:\/\/78.46.122.165\/content\/uploads\/2014\/09\/Feldk\u00fcche-MAK3.jpg\"><img loading=\"lazy\" decoding=\"async\" class=\"alignnone size-w1000 wp-image-3233\" src=\"https:\/\/78.46.122.165\/content\/uploads\/2014\/09\/Feldk\u00fcche-MAK3.jpg\" alt=\"Feldk\u00fcche-MAK3\" width=\"700\" height=\"470\" srcset=\"https:\/\/foodtastic.at\/content\/uploads\/2014\/09\/Feldk\u00fcche-MAK3.jpg 700w, https:\/\/foodtastic.at\/content\/uploads\/2014\/09\/Feldk\u00fcche-MAK3-300x201.jpg 300w, https:\/\/foodtastic.at\/content\/uploads\/2014\/09\/Feldk\u00fcche-MAK3-500x336.jpg 500w\" sizes=\"(max-width: 700px) 100vw, 700px\" \/><\/a><\/p>\n<p>(c) Melanie Limbeck \/ Das Mundwerk<\/p>\n<p><a href=\"https:\/\/78.46.122.165\/content\/uploads\/2014\/09\/Feldk\u00fcche-MAK10.jpg\"><img loading=\"lazy\" decoding=\"async\" class=\"alignnone size-w1000 wp-image-3246\" src=\"https:\/\/78.46.122.165\/content\/uploads\/2014\/09\/Feldk\u00fcche-MAK10-1000x667.jpg\" alt=\"Feldk\u00fcche-MAK10\" width=\"1000\" height=\"667\" srcset=\"https:\/\/foodtastic.at\/content\/uploads\/2014\/09\/Feldk\u00fcche-MAK10-1000x667.jpg 1000w, https:\/\/foodtastic.at\/content\/uploads\/2014\/09\/Feldk\u00fcche-MAK10-300x200.jpg 300w, https:\/\/foodtastic.at\/content\/uploads\/2014\/09\/Feldk\u00fcche-MAK10-768x512.jpg 768w, https:\/\/foodtastic.at\/content\/uploads\/2014\/09\/Feldk\u00fcche-MAK10-1024x683.jpg 1024w, https:\/\/foodtastic.at\/content\/uploads\/2014\/09\/Feldk\u00fcche-MAK10-2000x1333.jpg 2000w, https:\/\/foodtastic.at\/content\/uploads\/2014\/09\/Feldk\u00fcche-MAK10-1500x1000.jpg 1500w, https:\/\/foodtastic.at\/content\/uploads\/2014\/09\/Feldk\u00fcche-MAK10-500x333.jpg 500w\" sizes=\"(max-width: 1000px) 100vw, 1000px\" \/><\/a><\/p>\n<p>Christoph and I were responsible for the main courses. Christoph Fink, hailing from the Tyrol, used to be recipe creator at Einkaufssackerl and now works as a chef at the Swedish embassy in Vienna. He scored with an alternative variation on the burger: homemade brioche burger buns filled with venison patties that were raw inside like a tartare. The accompanying coleslaw and homemade \"Dirndl-Ketchup\" were yummy as well as aesthetically pleasing. I'll tell you about my own main course at the end of this posting. <a href=\"https:\/\/78.46.122.165\/content\/uploads\/2014\/09\/Feldk\u00fcche-Eva.jpg\"><img loading=\"lazy\" decoding=\"async\" class=\"alignnone size-w1000 wp-image-3234\" src=\"https:\/\/78.46.122.165\/content\/uploads\/2014\/09\/Feldk\u00fcche-Eva-1000x817.jpg\" alt=\"Feldk\u00fcche-Eva\" width=\"1000\" height=\"817\" srcset=\"https:\/\/foodtastic.at\/content\/uploads\/2014\/09\/Feldk\u00fcche-Eva-1000x817.jpg 1000w, https:\/\/foodtastic.at\/content\/uploads\/2014\/09\/Feldk\u00fcche-Eva-300x245.jpg 300w, https:\/\/foodtastic.at\/content\/uploads\/2014\/09\/Feldk\u00fcche-Eva-768x627.jpg 768w, https:\/\/foodtastic.at\/content\/uploads\/2014\/09\/Feldk\u00fcche-Eva-1024x836.jpg 1024w, https:\/\/foodtastic.at\/content\/uploads\/2014\/09\/Feldk\u00fcche-Eva-2000x1634.jpg 2000w, https:\/\/foodtastic.at\/content\/uploads\/2014\/09\/Feldk\u00fcche-Eva-1500x1225.jpg 1500w, https:\/\/foodtastic.at\/content\/uploads\/2014\/09\/Feldk\u00fcche-Eva-500x408.jpg 500w\" sizes=\"(max-width: 1000px) 100vw, 1000px\" \/><\/a> (c) Melanie Limbeck \/ Das Mundwerk <a href=\"https:\/\/78.46.122.165\/content\/uploads\/2014\/09\/Feldk\u00fcche-MAK11.jpg\"><img loading=\"lazy\" decoding=\"async\" class=\"alignnone size-w1000 wp-image-3243\" src=\"https:\/\/78.46.122.165\/content\/uploads\/2014\/09\/Feldk\u00fcche-Eva-1000x817.jpg\" alt=\"Feldk\u00fcche-MAK11\" width=\"1000\" height=\"817\" \/><\/a><br \/>\nDue to the rainy summer weather, Martin and Matthias\u00a0unfortunately had to change venue on short notice, but their second choice was more than adequate - guests were invited to dine at the MAK's (Museum of Applied Art) impressive portico hall, adhering to\u00a0this year's summer theme\u00a0\"forest &amp; meadow\". Absolutely all credit for providing this spectacular location goes to Olivia Harrer. The MAK, originally focused on industry and the arts only, today features everything from contemporary and historical art to\u00a0design and architecture. My jaw hit the floor when I walked into the columned hall, decked out in beautifully decorated wooden carpenter tables. I thought \"wow, this is where I'm allowed to cook for 50 guests tonight.\"<\/p>\n<p><a href=\"https:\/\/78.46.122.165\/content\/uploads\/2014\/09\/Feldk\u00fcche-MAK8.jpg\"><img loading=\"lazy\" decoding=\"async\" class=\"alignnone size-w1000 wp-image-3241\" src=\"https:\/\/78.46.122.165\/content\/uploads\/2014\/09\/Feldk\u00fcche-MAK8-1000x652.jpg\" alt=\"Feldk\u00fcche-MAK8\" width=\"1000\" height=\"652\" srcset=\"https:\/\/foodtastic.at\/content\/uploads\/2014\/09\/Feldk\u00fcche-MAK8-1000x652.jpg 1000w, https:\/\/foodtastic.at\/content\/uploads\/2014\/09\/Feldk\u00fcche-MAK8-300x195.jpg 300w, https:\/\/foodtastic.at\/content\/uploads\/2014\/09\/Feldk\u00fcche-MAK8-768x500.jpg 768w, https:\/\/foodtastic.at\/content\/uploads\/2014\/09\/Feldk\u00fcche-MAK8-1024x667.jpg 1024w, https:\/\/foodtastic.at\/content\/uploads\/2014\/09\/Feldk\u00fcche-MAK8-2000x1303.jpg 2000w, https:\/\/foodtastic.at\/content\/uploads\/2014\/09\/Feldk\u00fcche-MAK8-1500x977.jpg 1500w, https:\/\/foodtastic.at\/content\/uploads\/2014\/09\/Feldk\u00fcche-MAK8-500x326.jpg 500w\" sizes=\"(max-width: 1000px) 100vw, 1000px\" \/><\/a><\/p>\n<p><a href=\"https:\/\/78.46.122.165\/content\/uploads\/2014\/09\/Feldk\u00fcche-MAK13.jpg\"><img loading=\"lazy\" decoding=\"async\" class=\"alignnone size-w1000 wp-image-3245\" src=\"https:\/\/78.46.122.165\/content\/uploads\/2014\/09\/Feldk\u00fcche-MAK13-1000x1470.jpg\" alt=\"Feldk\u00fcche-MAK13\" width=\"1000\" height=\"1470\" srcset=\"https:\/\/foodtastic.at\/content\/uploads\/2014\/09\/Feldk\u00fcche-MAK13-1000x1470.jpg 1000w, https:\/\/foodtastic.at\/content\/uploads\/2014\/09\/Feldk\u00fcche-MAK13-204x300.jpg 204w, https:\/\/foodtastic.at\/content\/uploads\/2014\/09\/Feldk\u00fcche-MAK13-768x1129.jpg 768w, https:\/\/foodtastic.at\/content\/uploads\/2014\/09\/Feldk\u00fcche-MAK13-697x1024.jpg 697w, https:\/\/foodtastic.at\/content\/uploads\/2014\/09\/Feldk\u00fcche-MAK13-2000x2940.jpg 2000w, https:\/\/foodtastic.at\/content\/uploads\/2014\/09\/Feldk\u00fcche-MAK13-1500x2205.jpg 1500w, https:\/\/foodtastic.at\/content\/uploads\/2014\/09\/Feldk\u00fcche-MAK13-500x735.jpg 500w\" sizes=\"(max-width: 1000px) 100vw, 1000px\" \/><\/a><\/p>\n<p><a href=\"https:\/\/78.46.122.165\/content\/uploads\/2014\/09\/Feldk\u00fcche-MAK1.jpg\"><img loading=\"lazy\" decoding=\"async\" class=\"alignnone size-w1000 wp-image-3231\" src=\"https:\/\/78.46.122.165\/content\/uploads\/2014\/09\/Feldk\u00fcche-MAK1-1000x667.jpg\" alt=\"Feldk\u00fcche-MAK1\" width=\"1000\" height=\"667\" srcset=\"https:\/\/foodtastic.at\/content\/uploads\/2014\/09\/Feldk\u00fcche-MAK1-1000x667.jpg 1000w, https:\/\/foodtastic.at\/content\/uploads\/2014\/09\/Feldk\u00fcche-MAK1-300x200.jpg 300w, https:\/\/foodtastic.at\/content\/uploads\/2014\/09\/Feldk\u00fcche-MAK1-768x512.jpg 768w, https:\/\/foodtastic.at\/content\/uploads\/2014\/09\/Feldk\u00fcche-MAK1-1024x683.jpg 1024w, https:\/\/foodtastic.at\/content\/uploads\/2014\/09\/Feldk\u00fcche-MAK1-2000x1333.jpg 2000w, https:\/\/foodtastic.at\/content\/uploads\/2014\/09\/Feldk\u00fcche-MAK1-1500x1000.jpg 1500w, https:\/\/foodtastic.at\/content\/uploads\/2014\/09\/Feldk\u00fcche-MAK1-500x333.jpg 500w\" sizes=\"(max-width: 1000px) 100vw, 1000px\" \/><\/a><\/p>\n<p>This time, I finally got to meet\u00a0<a href=\"https:\/\/www.dasmundwerk.at\/\">\u201eDas Mundwerk\u201c<\/a>'s very own Melanie, who has run with the Feldk\u00fcche guys since the beginning of this tour and whose fascinating blog regularly features nature in all its glory as well as all manner of heavenly dishes.\u00a0\u00a0You can read more about this unforgettable evening at the MAK on her blog\u00a0<a href=\"https:\/\/www.dasmundwerk.at\/?p=1426\">hier<\/a>. In keeping with\u00a0the last time I was a guest at the Feldk\u00fcche, Martin Fetz and the incredibly nice Pia Buchner, press officer for the Austrian Forestry Commission, opened the event with the words \"If we can't come to the forest, the forest has to come to us\".<br \/>\nAnd now, ladies and gentlemen, boys and girls... my fish course: \u00a0 \u00a0 \u00a0 \u00a0 \u00a0 \u00a0 \u00a0 \u00a0 \u00a0 \u00a0 \u00a0 \u00a0 \u00a0 \u00a0 \u00a0 \u00a0 \u00a0 \u00a0 \u00a0 \u00a0 \u00a0 \u00a0 \u00a0 \u00a0 \u00a0 \u00a0 \u00a0 \u00a0 \u00a0 \u00a0 \u00a0 \u00a0 \u00a0 \u00a0 \u00a0 \u00a0\u00a0<a href=\"https:\/\/78.46.122.165\/content\/uploads\/2014\/09\/Feldk\u00fcche-Fisch31.jpg\"><img loading=\"lazy\" decoding=\"async\" class=\"alignnone size-large wp-image-3230\" src=\"https:\/\/78.46.122.165\/content\/uploads\/2014\/09\/Feldk\u00fcche-Fisch31-662x893.jpg\" alt=\"Feldk\u00fcche-Fisch3\" width=\"662\" height=\"893\" \/><\/a> [print_this]\n<h3>Herb-infused Coregonus from the Oven on a Bed of\u00a0Millet-Beetroot Risotto, Caramelised Apples, Thyme and Goat's Cheese<\/h3>\n<p>The Risotto (enough for 2 people):<\/p>\n<h4><strong>Ingredients:<\/strong><\/h4>\n<p>200g\u00a0millet<\/p>\n<p>1\u00a0onion<\/p>\n<p>2\u00a0beetroots, cooked<\/p>\n<p>50-100ml beetroot juice,\u00a0Ja!Nat\u00fcrlich brand, for example<\/p>\n<p>150g\u00a0fresh goat's cheese<\/p>\n<p>1\u00a0bay leaf<\/p>\n<p>30g\u00a0parmesan<\/p>\n<p>1\u00a0organic vegetable stock cube<\/p>\n<p>1 tart apple (my favourites are\u00a0Elstar and\u00a0Boskoop)<\/p>\n<p>\u00bc\u00a0bunch fresh thyme<\/p>\n<p>2 TBSP\u00a0butter (for the risotto)<\/p>\n<p>700-900ml\u00a0water<\/p>\n<p>20g butter (for the apple)<\/p>\n<p>50ml water\u00a0(for the apple)<\/p>\n<p>1 TBSP\u00a0dark balsamic vinegar<\/p>\n<p>1 TBSP\u00a0olive oil<\/p>\n<p>50ml\u00a0white wine<\/p>\n<p>1 tsp\u00a0sugar<\/p>\n<p>salt and pepper<\/p>\n<h4><strong>Preparation:<\/strong><\/h4>\n<p>1.) \u00a0 For the stock, bring water to a boil and dissolve the vegetable stock cube. Peel and cube the onion. Heat the olive oil\u00a0and half the butter in a pan and saut\u00e9 the onion until translucent. Add the millet until cooked through. Deglaze with beetroot juice and white wine. Add the bay leaf and thyme and let simmer until almost all the liquid has been absorbed, stirring constantly until\u00a0the risotto is\u00a0creamy. Add the stock little by little (up to 500-600ml for 2 people) until the millet reaches the desired consistency (around 30-35 minutes).<\/p>\n<p>2.) \u00a0 In the meantime, peel the apples, cut them into eight pieces and core them. Cut the beetroot into 0,5cm cubes (wear gloves, beetroot stains!). Add it to the millet around\u00a025 minutes into the cooking time and add\u00a0100-200ml more of the stock. Let simmer for 10 more minutes.<\/p>\n<p>3.) \u00a0 Melt some butter in a small pan and steam the apples over a medium heat. Add sugar after about 4 minutes and let it caramelise a little. After a further\u00a05 minutes, deglaze with water until it has evaporated and add the balsamic\u00a0vinegar. Lightly salt the apple.<\/p>\n<p>4.) \u00a0 Grate the parmesan and mix it under the risotto along with the rest of the butter. Add half the goat's cheese and mix well. Season with salt and pepper. Arrange the risotto on deep plates with the goat's cheese and the apples.<\/p>\n<p><img loading=\"lazy\" decoding=\"async\" class=\"alignnone size-full wp-image-2722\" src=\"https:\/\/78.46.122.165\/content\/uploads\/2014\/06\/its-foodtastic.png\" alt=\"it's-foodtastic\" width=\"145\" height=\"33\" \/><\/p>\n[\/print_this]\n<p><a href=\"https:\/\/78.46.122.165\/content\/uploads\/2014\/09\/Feldk\u00fcche-Fisch2.jpg\"><img loading=\"lazy\" decoding=\"async\" class=\"alignnone size-w1000 wp-image-3223\" src=\"https:\/\/78.46.122.165\/content\/uploads\/2014\/09\/Feldk\u00fcche-Fisch2-1000x1433.jpg\" alt=\"Feldk\u00fcche-Fisch2\" width=\"1000\" height=\"1433\" srcset=\"https:\/\/foodtastic.at\/content\/uploads\/2014\/09\/Feldk\u00fcche-Fisch2-1000x1433.jpg 1000w, https:\/\/foodtastic.at\/content\/uploads\/2014\/09\/Feldk\u00fcche-Fisch2-209x300.jpg 209w, https:\/\/foodtastic.at\/content\/uploads\/2014\/09\/Feldk\u00fcche-Fisch2-768x1100.jpg 768w, https:\/\/foodtastic.at\/content\/uploads\/2014\/09\/Feldk\u00fcche-Fisch2-715x1024.jpg 715w, https:\/\/foodtastic.at\/content\/uploads\/2014\/09\/Feldk\u00fcche-Fisch2-2000x2865.jpg 2000w, https:\/\/foodtastic.at\/content\/uploads\/2014\/09\/Feldk\u00fcche-Fisch2-1500x2149.jpg 1500w, https:\/\/foodtastic.at\/content\/uploads\/2014\/09\/Feldk\u00fcche-Fisch2-500x716.jpg 500w\" sizes=\"(max-width: 1000px) 100vw, 1000px\" \/><\/a><\/p>\n[print_this]\n<h2>For the Coregonus:<\/h2>\n<p>Ingredients for 2 people:<\/p>\n<p>2 Coregonus fillets, deboned<\/p>\n<p>a little sage, thyme and rosemary<\/p>\n<p>2 tsp\u00a0butter<\/p>\n<p>2 tsp\u00a0Sonnentor*'s Gute Laune Gew\u00fcrz-Bl\u00fcten-Zubereitung (spice-petal mix)<\/p>\n<p>sea salt and pepper from the mill<\/p>\n<p>a little olive oil<\/p>\n<p>aluminium foil<\/p>\n<p><strong>Preparation:<\/strong><br \/>\n1.) \u00a0Preheat the oven to 180\u00b0 C (fan). Fold some small parcels for the fish and fill with a sprig of rosemary, 2 sprigs of thyme and 3 sage leaves.<\/p>\n<p>2.) \u00a0Top the herbs with the fillets and season with sea salt, pepper and the spice mix and drizzle with olive oil.<\/p>\n<p>3.) \u00a0Add a small piece of butter and close the parcels (but not all the way). Put them in the oven on the medium shelf and cook until finished (around 15-18 minutes).<\/p>\n<p>* contains sea salt, garlic, basil, ramson, oregano, marigold, rosemary, thyme, rose and cornflower petals<\/p>\n<p><img loading=\"lazy\" decoding=\"async\" class=\"alignnone size-full wp-image-2722\" src=\"https:\/\/78.46.122.165\/content\/uploads\/2014\/06\/its-foodtastic.png\" alt=\"it's-foodtastic\" width=\"145\" height=\"33\" \/><\/p>\n[\/print_this]\n","protected":false},"excerpt":{"rendered":"<p>Holidays at home, 2 days of sunshine and one phone call: I was just settling in on my balcony, snuggling into a deckchair with my newly bought cookbook &#8220;Honestly Healthy: Eat with your Body in Mind, the Alkaline Way&#8221;, when I received a phone call from\u00a0Feldk\u00fcche&#8217;s Martin Fetz inquiring, in his\u00a0charming dialect, whether I had plans for August 31st. I thought about it for a second, said no, and a moment\u00a0later, I was assigned cheffing\u00a0duty. But the plan\u00a0wasn&#8217;t just a leasurely afternoon with a bit of cooking, but instead a huge task of preparing a meal\u00a0for 50 people\u00a0&#8211;\u00a0a main course of fish with\u00a0all the bells and whistles&#8230;<\/p>\n","protected":false},"author":2,"featured_media":8499,"comment_status":"closed","ping_status":"closed","sticky":false,"template":"","format":"standard","meta":{"footnotes":""},"categories":[748,842,754],"tags":[928,929,930,873,931,932,886,933,934,935],"ingredient":[],"class_list":["post-8439","post","type-post","status-publish","format-standard","has-post-thumbnail","hentry","category-events-en","category-maincourses","category-recipes","tag-das-mundwerk-en","tag-felche-en","tag-feldkuche-en","tag-hirse-en","tag-mak-en","tag-reinanke-en","tag-repair-en","tag-risotto-en","tag-rote-ruben-en","tag-roughcutboard-en"],"yoast_head":"<!-- This site is optimized with the Yoast SEO plugin v25.3.1 - https:\/\/yoast.com\/wordpress\/plugins\/seo\/ -->\n<title>50 x Fish for MAK&#039;s Feldk\u00fcche - Foodtastic<\/title>\n<meta name=\"description\" content=\"F\u00fcr das Feldk\u00fcche-Finale gab&#039;s 50 x Reinanke mit Hirse-Rote-R\u00fcben-Risotto, karamellisierte \u00c4pfel, Thymian und Ziegenk\u00e4se.\" \/>\n<meta name=\"robots\" content=\"index, follow, max-snippet:-1, max-image-preview:large, max-video-preview:-1\" \/>\n<link rel=\"canonical\" href=\"https:\/\/www.foodtastic.at\/en\/2014\/09\/04\/50-mal-reinanke-fur-die-feldkuche-im-mak\/\" \/>\n<meta property=\"og:locale\" content=\"en_US\" \/>\n<meta property=\"og:type\" content=\"article\" \/>\n<meta property=\"og:title\" content=\"50 x Fish for MAK&#039;s Feldk\u00fcche - Foodtastic\" \/>\n<meta property=\"og:description\" content=\"F\u00fcr das Feldk\u00fcche-Finale gab&#039;s 50 x Reinanke mit Hirse-Rote-R\u00fcben-Risotto, karamellisierte \u00c4pfel, Thymian und Ziegenk\u00e4se.\" \/>\n<meta property=\"og:url\" content=\"https:\/\/www.foodtastic.at\/en\/2014\/09\/04\/50-mal-reinanke-fur-die-feldkuche-im-mak\/\" \/>\n<meta property=\"og:site_name\" content=\"Foodtastic\" \/>\n<meta property=\"article:published_time\" content=\"2014-09-03T23:23:41+00:00\" \/>\n<meta property=\"article:modified_time\" content=\"2016-01-02T15:26:56+00:00\" \/>\n<meta property=\"og:image\" content=\"https:\/\/78.46.122.165\/content\/uploads\/2014\/09\/Feldk\u00fcche-Fisch41.jpg\" \/>\n<meta name=\"author\" content=\"Eva Fischer\" \/>\n<meta name=\"twitter:label1\" content=\"Written by\" \/>\n\t<meta name=\"twitter:data1\" content=\"Eva Fischer\" \/>\n\t<meta name=\"twitter:label2\" content=\"Est. reading time\" \/>\n\t<meta name=\"twitter:data2\" content=\"8 minutes\" \/>\n<script type=\"application\/ld+json\" class=\"yoast-schema-graph\">{\"@context\":\"https:\/\/schema.org\",\"@graph\":[{\"@type\":\"WebPage\",\"@id\":\"https:\/\/www.foodtastic.at\/en\/2014\/09\/04\/50-mal-reinanke-fur-die-feldkuche-im-mak\/\",\"url\":\"https:\/\/www.foodtastic.at\/en\/2014\/09\/04\/50-mal-reinanke-fur-die-feldkuche-im-mak\/\",\"name\":\"50 x Fish for MAK's Feldk\u00fcche - Foodtastic\",\"isPartOf\":{\"@id\":\"https:\/\/foodtastic.at\/#website\"},\"primaryImageOfPage\":{\"@id\":\"https:\/\/www.foodtastic.at\/en\/2014\/09\/04\/50-mal-reinanke-fur-die-feldkuche-im-mak\/#primaryimage\"},\"image\":{\"@id\":\"https:\/\/www.foodtastic.at\/en\/2014\/09\/04\/50-mal-reinanke-fur-die-feldkuche-im-mak\/#primaryimage\"},\"thumbnailUrl\":\"https:\/\/foodtastic.at\/content\/uploads\/2014\/09\/Feldkueche-Fisch1-662x99312.jpg\",\"datePublished\":\"2014-09-03T23:23:41+00:00\",\"dateModified\":\"2016-01-02T15:26:56+00:00\",\"author\":{\"@id\":\"https:\/\/foodtastic.at\/#\/schema\/person\/236cc6fc2715dd91e8a168f03acd8f2e\"},\"description\":\"F\u00fcr das Feldk\u00fcche-Finale gab's 50 x Reinanke mit Hirse-Rote-R\u00fcben-Risotto, karamellisierte \u00c4pfel, Thymian und Ziegenk\u00e4se.\",\"breadcrumb\":{\"@id\":\"https:\/\/www.foodtastic.at\/en\/2014\/09\/04\/50-mal-reinanke-fur-die-feldkuche-im-mak\/#breadcrumb\"},\"inLanguage\":\"en-US\",\"potentialAction\":[{\"@type\":\"ReadAction\",\"target\":[\"https:\/\/www.foodtastic.at\/en\/2014\/09\/04\/50-mal-reinanke-fur-die-feldkuche-im-mak\/\"]}]},{\"@type\":\"ImageObject\",\"inLanguage\":\"en-US\",\"@id\":\"https:\/\/www.foodtastic.at\/en\/2014\/09\/04\/50-mal-reinanke-fur-die-feldkuche-im-mak\/#primaryimage\",\"url\":\"https:\/\/foodtastic.at\/content\/uploads\/2014\/09\/Feldkueche-Fisch1-662x99312.jpg\",\"contentUrl\":\"https:\/\/foodtastic.at\/content\/uploads\/2014\/09\/Feldkueche-Fisch1-662x99312.jpg\",\"width\":662,\"height\":993},{\"@type\":\"BreadcrumbList\",\"@id\":\"https:\/\/www.foodtastic.at\/en\/2014\/09\/04\/50-mal-reinanke-fur-die-feldkuche-im-mak\/#breadcrumb\",\"itemListElement\":[{\"@type\":\"ListItem\",\"position\":1,\"name\":\"Home\",\"item\":\"https:\/\/www.foodtastic.at\/en\/\"},{\"@type\":\"ListItem\",\"position\":2,\"name\":\"50 x Fish for MAK&#8217;s Feldk\u00fcche\"}]},{\"@type\":\"WebSite\",\"@id\":\"https:\/\/foodtastic.at\/#website\",\"url\":\"https:\/\/foodtastic.at\/\",\"name\":\"Foodtastic\",\"description\":\"Foodtastic\",\"potentialAction\":[{\"@type\":\"SearchAction\",\"target\":{\"@type\":\"EntryPoint\",\"urlTemplate\":\"https:\/\/foodtastic.at\/?s={search_term_string}\"},\"query-input\":{\"@type\":\"PropertyValueSpecification\",\"valueRequired\":true,\"valueName\":\"search_term_string\"}}],\"inLanguage\":\"en-US\"},{\"@type\":\"Person\",\"@id\":\"https:\/\/foodtastic.at\/#\/schema\/person\/236cc6fc2715dd91e8a168f03acd8f2e\",\"name\":\"Eva Fischer\",\"image\":{\"@type\":\"ImageObject\",\"inLanguage\":\"en-US\",\"@id\":\"https:\/\/foodtastic.at\/#\/schema\/person\/image\/\",\"url\":\"https:\/\/secure.gravatar.com\/avatar\/4ca2586764ed355e8db767a3d352a088?s=96&d=mm&r=g\",\"contentUrl\":\"https:\/\/secure.gravatar.com\/avatar\/4ca2586764ed355e8db767a3d352a088?s=96&d=mm&r=g\",\"caption\":\"Eva Fischer\"},\"sameAs\":[\"https:\/\/78.46.122.165\"],\"url\":\"https:\/\/foodtastic.at\/en\/author\/eva\/\"}]}<\/script>\n<!-- \/ Yoast SEO plugin. -->","yoast_head_json":{"title":"50 x Fish for MAK's Feldk\u00fcche - Foodtastic","description":"F\u00fcr das Feldk\u00fcche-Finale gab's 50 x Reinanke mit Hirse-Rote-R\u00fcben-Risotto, karamellisierte \u00c4pfel, Thymian und Ziegenk\u00e4se.","robots":{"index":"index","follow":"follow","max-snippet":"max-snippet:-1","max-image-preview":"max-image-preview:large","max-video-preview":"max-video-preview:-1"},"canonical":"https:\/\/www.foodtastic.at\/en\/2014\/09\/04\/50-mal-reinanke-fur-die-feldkuche-im-mak\/","og_locale":"en_US","og_type":"article","og_title":"50 x Fish for MAK's Feldk\u00fcche - Foodtastic","og_description":"F\u00fcr das Feldk\u00fcche-Finale gab's 50 x Reinanke mit Hirse-Rote-R\u00fcben-Risotto, karamellisierte \u00c4pfel, Thymian und Ziegenk\u00e4se.","og_url":"https:\/\/www.foodtastic.at\/en\/2014\/09\/04\/50-mal-reinanke-fur-die-feldkuche-im-mak\/","og_site_name":"Foodtastic","article_published_time":"2014-09-03T23:23:41+00:00","article_modified_time":"2016-01-02T15:26:56+00:00","og_image":[{"url":"https:\/\/78.46.122.165\/content\/uploads\/2014\/09\/Feldk\u00fcche-Fisch41.jpg","type":"","width":"","height":""}],"author":"Eva Fischer","twitter_misc":{"Written by":"Eva Fischer","Est. reading time":"8 minutes"},"schema":{"@context":"https:\/\/schema.org","@graph":[{"@type":"WebPage","@id":"https:\/\/www.foodtastic.at\/en\/2014\/09\/04\/50-mal-reinanke-fur-die-feldkuche-im-mak\/","url":"https:\/\/www.foodtastic.at\/en\/2014\/09\/04\/50-mal-reinanke-fur-die-feldkuche-im-mak\/","name":"50 x Fish for MAK's Feldk\u00fcche - Foodtastic","isPartOf":{"@id":"https:\/\/foodtastic.at\/#website"},"primaryImageOfPage":{"@id":"https:\/\/www.foodtastic.at\/en\/2014\/09\/04\/50-mal-reinanke-fur-die-feldkuche-im-mak\/#primaryimage"},"image":{"@id":"https:\/\/www.foodtastic.at\/en\/2014\/09\/04\/50-mal-reinanke-fur-die-feldkuche-im-mak\/#primaryimage"},"thumbnailUrl":"https:\/\/foodtastic.at\/content\/uploads\/2014\/09\/Feldkueche-Fisch1-662x99312.jpg","datePublished":"2014-09-03T23:23:41+00:00","dateModified":"2016-01-02T15:26:56+00:00","author":{"@id":"https:\/\/foodtastic.at\/#\/schema\/person\/236cc6fc2715dd91e8a168f03acd8f2e"},"description":"F\u00fcr das Feldk\u00fcche-Finale gab's 50 x Reinanke mit Hirse-Rote-R\u00fcben-Risotto, karamellisierte \u00c4pfel, Thymian und Ziegenk\u00e4se.","breadcrumb":{"@id":"https:\/\/www.foodtastic.at\/en\/2014\/09\/04\/50-mal-reinanke-fur-die-feldkuche-im-mak\/#breadcrumb"},"inLanguage":"en-US","potentialAction":[{"@type":"ReadAction","target":["https:\/\/www.foodtastic.at\/en\/2014\/09\/04\/50-mal-reinanke-fur-die-feldkuche-im-mak\/"]}]},{"@type":"ImageObject","inLanguage":"en-US","@id":"https:\/\/www.foodtastic.at\/en\/2014\/09\/04\/50-mal-reinanke-fur-die-feldkuche-im-mak\/#primaryimage","url":"https:\/\/foodtastic.at\/content\/uploads\/2014\/09\/Feldkueche-Fisch1-662x99312.jpg","contentUrl":"https:\/\/foodtastic.at\/content\/uploads\/2014\/09\/Feldkueche-Fisch1-662x99312.jpg","width":662,"height":993},{"@type":"BreadcrumbList","@id":"https:\/\/www.foodtastic.at\/en\/2014\/09\/04\/50-mal-reinanke-fur-die-feldkuche-im-mak\/#breadcrumb","itemListElement":[{"@type":"ListItem","position":1,"name":"Home","item":"https:\/\/www.foodtastic.at\/en\/"},{"@type":"ListItem","position":2,"name":"50 x Fish for MAK&#8217;s Feldk\u00fcche"}]},{"@type":"WebSite","@id":"https:\/\/foodtastic.at\/#website","url":"https:\/\/foodtastic.at\/","name":"Foodtastic","description":"Foodtastic","potentialAction":[{"@type":"SearchAction","target":{"@type":"EntryPoint","urlTemplate":"https:\/\/foodtastic.at\/?s={search_term_string}"},"query-input":{"@type":"PropertyValueSpecification","valueRequired":true,"valueName":"search_term_string"}}],"inLanguage":"en-US"},{"@type":"Person","@id":"https:\/\/foodtastic.at\/#\/schema\/person\/236cc6fc2715dd91e8a168f03acd8f2e","name":"Eva Fischer","image":{"@type":"ImageObject","inLanguage":"en-US","@id":"https:\/\/foodtastic.at\/#\/schema\/person\/image\/","url":"https:\/\/secure.gravatar.com\/avatar\/4ca2586764ed355e8db767a3d352a088?s=96&d=mm&r=g","contentUrl":"https:\/\/secure.gravatar.com\/avatar\/4ca2586764ed355e8db767a3d352a088?s=96&d=mm&r=g","caption":"Eva Fischer"},"sameAs":["https:\/\/78.46.122.165"],"url":"https:\/\/foodtastic.at\/en\/author\/eva\/"}]}},"_links":{"self":[{"href":"https:\/\/foodtastic.at\/en\/wp-json\/wp\/v2\/posts\/8439"}],"collection":[{"href":"https:\/\/foodtastic.at\/en\/wp-json\/wp\/v2\/posts"}],"about":[{"href":"https:\/\/foodtastic.at\/en\/wp-json\/wp\/v2\/types\/post"}],"author":[{"embeddable":true,"href":"https:\/\/foodtastic.at\/en\/wp-json\/wp\/v2\/users\/2"}],"replies":[{"embeddable":true,"href":"https:\/\/foodtastic.at\/en\/wp-json\/wp\/v2\/comments?post=8439"}],"version-history":[{"count":0,"href":"https:\/\/foodtastic.at\/en\/wp-json\/wp\/v2\/posts\/8439\/revisions"}],"wp:featuredmedia":[{"embeddable":true,"href":"https:\/\/foodtastic.at\/en\/wp-json\/wp\/v2\/media\/8499"}],"wp:attachment":[{"href":"https:\/\/foodtastic.at\/en\/wp-json\/wp\/v2\/media?parent=8439"}],"wp:term":[{"taxonomy":"category","embeddable":true,"href":"https:\/\/foodtastic.at\/en\/wp-json\/wp\/v2\/categories?post=8439"},{"taxonomy":"post_tag","embeddable":true,"href":"https:\/\/foodtastic.at\/en\/wp-json\/wp\/v2\/tags?post=8439"},{"taxonomy":"ingredient","embeddable":true,"href":"https:\/\/foodtastic.at\/en\/wp-json\/wp\/v2\/ingredient?post=8439"}],"curies":[{"name":"wp","href":"https:\/\/api.w.org\/{rel}","templated":true}]}}