{"id":9161,"date":"2014-04-10T17:16:05","date_gmt":"2014-04-10T16:16:05","guid":{"rendered":"http:\/\/78.46.122.165\/2014\/04\/10\/fenchel-salat\/?lang=en"},"modified":"2016-01-10T17:23:40","modified_gmt":"2016-01-10T16:23:40","slug":"fenchel-salat","status":"publish","type":"post","link":"https:\/\/foodtastic.at\/en\/2014\/04\/10\/fenchel-salat\/","title":{"rendered":"Fennel Salad with Oranges and Walnuts"},"content":{"rendered":"<p>I admit, I've got a thing for fennel at the moment. I just love it, and in addition, it's very healthy. But I promise - particularly to you\u00a0fennel-haters - that this one will be the last fennel recipe for a while. I've collected a lot of different ideas over the last few weeks and months that I will surprise you with very soon.<\/p>\n<p><!--more-->We all know about the healthy properties of fennel, and I've already told you a lot about it here\u00a0<a href=\"https:\/\/78.46.122.165\/2014\/03\/28\/fenchel\/#more-1928\">Fenchel-Eintrag<\/a>. A few words on the virtues of oranges: it's nothing new that they are full of vitamin C and strengthen our immune system. And here's some more information about the best-known of all the vitamins and about the orange citrus fruit...<\/p>\n<p><a href=\"https:\/\/78.46.122.165\/content\/uploads\/2014\/04\/Fenchel-Salat3a.jpg\"><img loading=\"lazy\" decoding=\"async\" class=\"alignnone size-w1000 wp-image-2072\" src=\"https:\/\/78.46.122.165\/content\/uploads\/2014\/04\/Fenchel-Salat3a-1000x1500.jpg\" alt=\"Fenchel-Salat3a\" width=\"1000\" height=\"1500\" srcset=\"https:\/\/foodtastic.at\/content\/uploads\/2014\/04\/Fenchel-Salat3a-1000x1500.jpg 1000w, https:\/\/foodtastic.at\/content\/uploads\/2014\/04\/Fenchel-Salat3a-768x1152.jpg 768w, https:\/\/foodtastic.at\/content\/uploads\/2014\/04\/Fenchel-Salat3a-683x1024.jpg 683w, https:\/\/foodtastic.at\/content\/uploads\/2014\/04\/Fenchel-Salat3a-2000x3000.jpg 2000w, https:\/\/foodtastic.at\/content\/uploads\/2014\/04\/Fenchel-Salat3a-1500x2250.jpg 1500w, https:\/\/foodtastic.at\/content\/uploads\/2014\/04\/Fenchel-Salat3a-500x750.jpg 500w\" sizes=\"(max-width: 1000px) 100vw, 1000px\" \/><\/a><\/p>\n<p>Before I'll talk about what else is hidden in the orange, I'd like to focus a bit on vitamin C. Vitamin C plays\u00a0many different roles within our body and is a strong and potent antioxidant. The flavonoids in oranges, powerful antioxidants themselves, facilitate vitamin C absorption. Through this process, the vitamin C can prevent oxidative stress and all its negative side effects like accelerated ageing and the formation of cancer. Here's\u00a0some good news for women: it also supports our metabolism and is great for the\u00a0skin. Another fact important for both women and men, female and male vegetarians and vegans, is the fact that vitamin C facilitates and improves the absorption of iron from plant sources. It fulfils a number of tasks in our immune system and is widely known as the vitamin that combats colds. Not such a well known fact: it's not actually assured\u00a0that vitamin C prevents colds, but it certainly lessens their duration and relieves symptoms.<\/p>\n<p>What I especially love about oranges: they help combat fatigue.<\/p>\n<p>And here are the orange's other interesting ingredients: alongside vitamin C, it also contains important electrolytes such as potassium and magnesium. It packs various secondary plant\u00a0substances\u00a0that have a hugely positive effect on our health\u00a0and contains terpenes that act as provitamin A in our bodies and catch all manner of free radicals.<br \/>\nHow do you store oranges? I keep them at room temperature, which is said to be\u00a0ideal. They come from southern countries so they don't like the cold. A cold environment\u00a0doesn't make them sour, but bitter.<\/p>\n<p><a href=\"https:\/\/78.46.122.165\/content\/uploads\/2014\/04\/Fenchel-Salat6.jpg\"><img loading=\"lazy\" decoding=\"async\" class=\"alignnone size-w1000 wp-image-2075\" src=\"https:\/\/78.46.122.165\/content\/uploads\/2014\/04\/Fenchel-Salat6-1000x667.jpg\" alt=\"Fenchel-Salat6\" width=\"1000\" height=\"667\" srcset=\"https:\/\/foodtastic.at\/content\/uploads\/2014\/04\/Fenchel-Salat6-1000x667.jpg 1000w, https:\/\/foodtastic.at\/content\/uploads\/2014\/04\/Fenchel-Salat6-300x200.jpg 300w, https:\/\/foodtastic.at\/content\/uploads\/2014\/04\/Fenchel-Salat6-768x512.jpg 768w, https:\/\/foodtastic.at\/content\/uploads\/2014\/04\/Fenchel-Salat6-1024x683.jpg 1024w, https:\/\/foodtastic.at\/content\/uploads\/2014\/04\/Fenchel-Salat6-2000x1333.jpg 2000w, https:\/\/foodtastic.at\/content\/uploads\/2014\/04\/Fenchel-Salat6-1500x1000.jpg 1500w, https:\/\/foodtastic.at\/content\/uploads\/2014\/04\/Fenchel-Salat6-500x333.jpg 500w\" sizes=\"(max-width: 1000px) 100vw, 1000px\" \/><\/a><\/p>\n<p><a href=\"https:\/\/78.46.122.165\/content\/uploads\/2014\/04\/Fenchel-Salat5.jpg\"><img loading=\"lazy\" decoding=\"async\" class=\"alignnone size-w1000 wp-image-2074\" src=\"https:\/\/78.46.122.165\/content\/uploads\/2014\/04\/Fenchel-Salat5-1000x706.jpg\" alt=\"Fenchel-Salat5\" width=\"1000\" height=\"706\" srcset=\"https:\/\/foodtastic.at\/content\/uploads\/2014\/04\/Fenchel-Salat5-1000x706.jpg 1000w, https:\/\/foodtastic.at\/content\/uploads\/2014\/04\/Fenchel-Salat5-300x212.jpg 300w, https:\/\/foodtastic.at\/content\/uploads\/2014\/04\/Fenchel-Salat5-768x542.jpg 768w, https:\/\/foodtastic.at\/content\/uploads\/2014\/04\/Fenchel-Salat5-1024x723.jpg 1024w, https:\/\/foodtastic.at\/content\/uploads\/2014\/04\/Fenchel-Salat5-2000x1413.jpg 2000w, https:\/\/foodtastic.at\/content\/uploads\/2014\/04\/Fenchel-Salat5-1500x1059.jpg 1500w, https:\/\/foodtastic.at\/content\/uploads\/2014\/04\/Fenchel-Salat5-500x353.jpg 500w\" sizes=\"(max-width: 1000px) 100vw, 1000px\" \/><\/a><\/p>\n<h3><b><\/b><a href=\"https:\/\/78.46.122.165\/content\/uploads\/2014\/04\/Fenchel-Salat2.jpg\"><img loading=\"lazy\" decoding=\"async\" class=\"alignnone size-w1000 wp-image-2070\" src=\"https:\/\/78.46.122.165\/content\/uploads\/2014\/04\/Fenchel-Salat2-1000x1500.jpg\" alt=\"Fenchel-Salat2\" width=\"1000\" height=\"1500\" srcset=\"https:\/\/foodtastic.at\/content\/uploads\/2014\/04\/Fenchel-Salat2-1000x1500.jpg 1000w, https:\/\/foodtastic.at\/content\/uploads\/2014\/04\/Fenchel-Salat2-768x1152.jpg 768w, https:\/\/foodtastic.at\/content\/uploads\/2014\/04\/Fenchel-Salat2-683x1024.jpg 683w, https:\/\/foodtastic.at\/content\/uploads\/2014\/04\/Fenchel-Salat2-2000x3000.jpg 2000w, https:\/\/foodtastic.at\/content\/uploads\/2014\/04\/Fenchel-Salat2-1500x2250.jpg 1500w, https:\/\/foodtastic.at\/content\/uploads\/2014\/04\/Fenchel-Salat2-500x750.jpg 500w\" sizes=\"(max-width: 1000px) 100vw, 1000px\" \/><\/a><\/h3>\n","protected":false},"excerpt":{"rendered":"<p>I admit, I&#8217;ve got a thing for fennel at the moment. I just love it, and in addition, it&#8217;s very healthy. But I promise &#8211; particularly to you\u00a0fennel-haters &#8211; that this one will be the last fennel recipe for a while. I&#8217;ve collected a lot of different ideas over the last few weeks and months that I will surprise you with very soon.<\/p>\n","protected":false},"author":2,"featured_media":9183,"comment_status":"open","ping_status":"open","sticky":false,"template":"","format":"standard","meta":{"footnotes":""},"categories":[754,769],"tags":[1022,1023,1024,815],"ingredient":[],"class_list":["post-9161","post","type-post","status-publish","format-standard","has-post-thumbnail","hentry","category-recipes","category-salads","tag-fenchel-en","tag-fenchel-orangen-salat-en","tag-orange-en","tag-walnusse-en"],"yoast_head":"<!-- This site is optimized with the Yoast SEO plugin v25.3.1 - https:\/\/yoast.com\/wordpress\/plugins\/seo\/ -->\n<title>Fennel Salad with Oranges and Walnuts - Foodtastic<\/title>\n<meta name=\"description\" content=\"Fenchel-Salat mit Orangen und Waln\u00fcssen: Fenchel &amp; Orange vertragen sich wunderbar \u2013 insbesondere in einem Salat mit Waln\u00fcssen und roten Zwiebeln.\" \/>\n<meta name=\"robots\" content=\"index, follow, max-snippet:-1, max-image-preview:large, max-video-preview:-1\" \/>\n<link rel=\"canonical\" href=\"https:\/\/foodtastic.at\/en\/2014\/04\/10\/fenchel-salat\/\" \/>\n<meta property=\"og:locale\" content=\"en_US\" \/>\n<meta property=\"og:type\" content=\"article\" \/>\n<meta property=\"og:title\" content=\"Fennel Salad with Oranges and Walnuts - Foodtastic\" \/>\n<meta property=\"og:description\" content=\"Fenchel und Orange vertragen sich wunderbar \u2013 insbesondere in einem Salat mit ger\u00f6steten Waln\u00fcssen und roten Zwiebeln. Sowohl die Orange, als auch der Fenchel versorgen dich mit wichtigen Vitaminen und N\u00e4hrstoffen. Vor allem mit Vitamin C \u2013 Fenchel hat sogar doppelt so viel Vitamin C als ein eine Orange. Dann hei\u00dft es nur noch sorgenfrei genie\u00dfen und sich was Gutes tun.\" \/>\n<meta property=\"og:url\" content=\"https:\/\/foodtastic.at\/en\/2014\/04\/10\/fenchel-salat\/\" \/>\n<meta property=\"og:site_name\" content=\"Foodtastic\" \/>\n<meta property=\"article:published_time\" content=\"2014-04-10T16:16:05+00:00\" \/>\n<meta property=\"article:modified_time\" content=\"2016-01-10T16:23:40+00:00\" \/>\n<meta property=\"og:image\" content=\"https:\/\/78.46.122.165\/content\/uploads\/2014\/04\/Fenchel-Salat1.jpg\" \/>\n<meta name=\"author\" content=\"Eva Fischer\" \/>\n<meta name=\"twitter:label1\" content=\"Written by\" \/>\n\t<meta name=\"twitter:data1\" content=\"Eva Fischer\" \/>\n\t<meta name=\"twitter:label2\" content=\"Est. reading time\" \/>\n\t<meta name=\"twitter:data2\" content=\"2 minutes\" \/>\n<script type=\"application\/ld+json\" class=\"yoast-schema-graph\">{\"@context\":\"https:\/\/schema.org\",\"@graph\":[{\"@type\":\"WebPage\",\"@id\":\"https:\/\/foodtastic.at\/en\/2014\/04\/10\/fenchel-salat\/\",\"url\":\"https:\/\/foodtastic.at\/en\/2014\/04\/10\/fenchel-salat\/\",\"name\":\"Fennel Salad with Oranges and Walnuts - Foodtastic\",\"isPartOf\":{\"@id\":\"https:\/\/foodtastic.at\/#website\"},\"primaryImageOfPage\":{\"@id\":\"https:\/\/foodtastic.at\/en\/2014\/04\/10\/fenchel-salat\/#primaryimage\"},\"image\":{\"@id\":\"https:\/\/foodtastic.at\/en\/2014\/04\/10\/fenchel-salat\/#primaryimage\"},\"thumbnailUrl\":\"https:\/\/foodtastic.at\/content\/uploads\/2014\/04\/Fenchel-Salat1-662x9697.jpg\",\"datePublished\":\"2014-04-10T16:16:05+00:00\",\"dateModified\":\"2016-01-10T16:23:40+00:00\",\"author\":{\"@id\":\"https:\/\/foodtastic.at\/#\/schema\/person\/236cc6fc2715dd91e8a168f03acd8f2e\"},\"description\":\"Fenchel-Salat mit Orangen und Waln\u00fcssen: Fenchel & Orange vertragen sich wunderbar \u2013 insbesondere in einem Salat mit Waln\u00fcssen und roten Zwiebeln.\",\"breadcrumb\":{\"@id\":\"https:\/\/foodtastic.at\/en\/2014\/04\/10\/fenchel-salat\/#breadcrumb\"},\"inLanguage\":\"en-US\",\"potentialAction\":[{\"@type\":\"ReadAction\",\"target\":[\"https:\/\/foodtastic.at\/en\/2014\/04\/10\/fenchel-salat\/\"]}]},{\"@type\":\"ImageObject\",\"inLanguage\":\"en-US\",\"@id\":\"https:\/\/foodtastic.at\/en\/2014\/04\/10\/fenchel-salat\/#primaryimage\",\"url\":\"https:\/\/foodtastic.at\/content\/uploads\/2014\/04\/Fenchel-Salat1-662x9697.jpg\",\"contentUrl\":\"https:\/\/foodtastic.at\/content\/uploads\/2014\/04\/Fenchel-Salat1-662x9697.jpg\",\"width\":662,\"height\":969},{\"@type\":\"BreadcrumbList\",\"@id\":\"https:\/\/foodtastic.at\/en\/2014\/04\/10\/fenchel-salat\/#breadcrumb\",\"itemListElement\":[{\"@type\":\"ListItem\",\"position\":1,\"name\":\"Home\",\"item\":\"https:\/\/www.foodtastic.at\/en\/\"},{\"@type\":\"ListItem\",\"position\":2,\"name\":\"Fennel Salad with Oranges and Walnuts\"}]},{\"@type\":\"WebSite\",\"@id\":\"https:\/\/foodtastic.at\/#website\",\"url\":\"https:\/\/foodtastic.at\/\",\"name\":\"Foodtastic\",\"description\":\"Foodtastic\",\"potentialAction\":[{\"@type\":\"SearchAction\",\"target\":{\"@type\":\"EntryPoint\",\"urlTemplate\":\"https:\/\/foodtastic.at\/?s={search_term_string}\"},\"query-input\":{\"@type\":\"PropertyValueSpecification\",\"valueRequired\":true,\"valueName\":\"search_term_string\"}}],\"inLanguage\":\"en-US\"},{\"@type\":\"Person\",\"@id\":\"https:\/\/foodtastic.at\/#\/schema\/person\/236cc6fc2715dd91e8a168f03acd8f2e\",\"name\":\"Eva Fischer\",\"image\":{\"@type\":\"ImageObject\",\"inLanguage\":\"en-US\",\"@id\":\"https:\/\/foodtastic.at\/#\/schema\/person\/image\/\",\"url\":\"https:\/\/secure.gravatar.com\/avatar\/4ca2586764ed355e8db767a3d352a088?s=96&d=mm&r=g\",\"contentUrl\":\"https:\/\/secure.gravatar.com\/avatar\/4ca2586764ed355e8db767a3d352a088?s=96&d=mm&r=g\",\"caption\":\"Eva Fischer\"},\"sameAs\":[\"https:\/\/78.46.122.165\"],\"url\":\"https:\/\/foodtastic.at\/en\/author\/eva\/\"}]}<\/script>\n<!-- \/ Yoast SEO plugin. -->","yoast_head_json":{"title":"Fennel Salad with Oranges and Walnuts - Foodtastic","description":"Fenchel-Salat mit Orangen und Waln\u00fcssen: Fenchel & Orange vertragen sich wunderbar \u2013 insbesondere in einem Salat mit Waln\u00fcssen und roten Zwiebeln.","robots":{"index":"index","follow":"follow","max-snippet":"max-snippet:-1","max-image-preview":"max-image-preview:large","max-video-preview":"max-video-preview:-1"},"canonical":"https:\/\/foodtastic.at\/en\/2014\/04\/10\/fenchel-salat\/","og_locale":"en_US","og_type":"article","og_title":"Fennel Salad with Oranges and Walnuts - Foodtastic","og_description":"Fenchel und Orange vertragen sich wunderbar \u2013 insbesondere in einem Salat mit ger\u00f6steten Waln\u00fcssen und roten Zwiebeln. Sowohl die Orange, als auch der Fenchel versorgen dich mit wichtigen Vitaminen und N\u00e4hrstoffen. Vor allem mit Vitamin C \u2013 Fenchel hat sogar doppelt so viel Vitamin C als ein eine Orange. Dann hei\u00dft es nur noch sorgenfrei genie\u00dfen und sich was Gutes tun.","og_url":"https:\/\/foodtastic.at\/en\/2014\/04\/10\/fenchel-salat\/","og_site_name":"Foodtastic","article_published_time":"2014-04-10T16:16:05+00:00","article_modified_time":"2016-01-10T16:23:40+00:00","og_image":[{"url":"https:\/\/78.46.122.165\/content\/uploads\/2014\/04\/Fenchel-Salat1.jpg","type":"","width":"","height":""}],"author":"Eva Fischer","twitter_misc":{"Written by":"Eva Fischer","Est. reading time":"2 minutes"},"schema":{"@context":"https:\/\/schema.org","@graph":[{"@type":"WebPage","@id":"https:\/\/foodtastic.at\/en\/2014\/04\/10\/fenchel-salat\/","url":"https:\/\/foodtastic.at\/en\/2014\/04\/10\/fenchel-salat\/","name":"Fennel Salad with Oranges and Walnuts - Foodtastic","isPartOf":{"@id":"https:\/\/foodtastic.at\/#website"},"primaryImageOfPage":{"@id":"https:\/\/foodtastic.at\/en\/2014\/04\/10\/fenchel-salat\/#primaryimage"},"image":{"@id":"https:\/\/foodtastic.at\/en\/2014\/04\/10\/fenchel-salat\/#primaryimage"},"thumbnailUrl":"https:\/\/foodtastic.at\/content\/uploads\/2014\/04\/Fenchel-Salat1-662x9697.jpg","datePublished":"2014-04-10T16:16:05+00:00","dateModified":"2016-01-10T16:23:40+00:00","author":{"@id":"https:\/\/foodtastic.at\/#\/schema\/person\/236cc6fc2715dd91e8a168f03acd8f2e"},"description":"Fenchel-Salat mit Orangen und Waln\u00fcssen: Fenchel & Orange vertragen sich wunderbar \u2013 insbesondere in einem Salat mit Waln\u00fcssen und roten Zwiebeln.","breadcrumb":{"@id":"https:\/\/foodtastic.at\/en\/2014\/04\/10\/fenchel-salat\/#breadcrumb"},"inLanguage":"en-US","potentialAction":[{"@type":"ReadAction","target":["https:\/\/foodtastic.at\/en\/2014\/04\/10\/fenchel-salat\/"]}]},{"@type":"ImageObject","inLanguage":"en-US","@id":"https:\/\/foodtastic.at\/en\/2014\/04\/10\/fenchel-salat\/#primaryimage","url":"https:\/\/foodtastic.at\/content\/uploads\/2014\/04\/Fenchel-Salat1-662x9697.jpg","contentUrl":"https:\/\/foodtastic.at\/content\/uploads\/2014\/04\/Fenchel-Salat1-662x9697.jpg","width":662,"height":969},{"@type":"BreadcrumbList","@id":"https:\/\/foodtastic.at\/en\/2014\/04\/10\/fenchel-salat\/#breadcrumb","itemListElement":[{"@type":"ListItem","position":1,"name":"Home","item":"https:\/\/www.foodtastic.at\/en\/"},{"@type":"ListItem","position":2,"name":"Fennel Salad with Oranges and Walnuts"}]},{"@type":"WebSite","@id":"https:\/\/foodtastic.at\/#website","url":"https:\/\/foodtastic.at\/","name":"Foodtastic","description":"Foodtastic","potentialAction":[{"@type":"SearchAction","target":{"@type":"EntryPoint","urlTemplate":"https:\/\/foodtastic.at\/?s={search_term_string}"},"query-input":{"@type":"PropertyValueSpecification","valueRequired":true,"valueName":"search_term_string"}}],"inLanguage":"en-US"},{"@type":"Person","@id":"https:\/\/foodtastic.at\/#\/schema\/person\/236cc6fc2715dd91e8a168f03acd8f2e","name":"Eva Fischer","image":{"@type":"ImageObject","inLanguage":"en-US","@id":"https:\/\/foodtastic.at\/#\/schema\/person\/image\/","url":"https:\/\/secure.gravatar.com\/avatar\/4ca2586764ed355e8db767a3d352a088?s=96&d=mm&r=g","contentUrl":"https:\/\/secure.gravatar.com\/avatar\/4ca2586764ed355e8db767a3d352a088?s=96&d=mm&r=g","caption":"Eva Fischer"},"sameAs":["https:\/\/78.46.122.165"],"url":"https:\/\/foodtastic.at\/en\/author\/eva\/"}]}},"_links":{"self":[{"href":"https:\/\/foodtastic.at\/en\/wp-json\/wp\/v2\/posts\/9161"}],"collection":[{"href":"https:\/\/foodtastic.at\/en\/wp-json\/wp\/v2\/posts"}],"about":[{"href":"https:\/\/foodtastic.at\/en\/wp-json\/wp\/v2\/types\/post"}],"author":[{"embeddable":true,"href":"https:\/\/foodtastic.at\/en\/wp-json\/wp\/v2\/users\/2"}],"replies":[{"embeddable":true,"href":"https:\/\/foodtastic.at\/en\/wp-json\/wp\/v2\/comments?post=9161"}],"version-history":[{"count":0,"href":"https:\/\/foodtastic.at\/en\/wp-json\/wp\/v2\/posts\/9161\/revisions"}],"wp:featuredmedia":[{"embeddable":true,"href":"https:\/\/foodtastic.at\/en\/wp-json\/wp\/v2\/media\/9183"}],"wp:attachment":[{"href":"https:\/\/foodtastic.at\/en\/wp-json\/wp\/v2\/media?parent=9161"}],"wp:term":[{"taxonomy":"category","embeddable":true,"href":"https:\/\/foodtastic.at\/en\/wp-json\/wp\/v2\/categories?post=9161"},{"taxonomy":"post_tag","embeddable":true,"href":"https:\/\/foodtastic.at\/en\/wp-json\/wp\/v2\/tags?post=9161"},{"taxonomy":"ingredient","embeddable":true,"href":"https:\/\/foodtastic.at\/en\/wp-json\/wp\/v2\/ingredient?post=9161"}],"curies":[{"name":"wp","href":"https:\/\/api.w.org\/{rel}","templated":true}]}}